{"id":959,"date":"2011-11-01T23:04:23","date_gmt":"2011-11-01T22:04:23","guid":{"rendered":"http:\/\/unbequemefragen.ch\/?p=959"},"modified":"2011-11-02T10:46:30","modified_gmt":"2011-11-02T09:46:30","slug":"really-bad-times-in-sight","status":"publish","type":"post","link":"https:\/\/unbequemefragen.ch\/?p=959","title":{"rendered":"Really bad times in sight?"},"content":{"rendered":"<p>In allen schlechten Zeiten nutzten einige Gruppierungen die Sorgen ihrer W\u00e4hler schamlos f\u00fcr ihre eigene Zwecke aus \u2013 ganz nach dem Grundsatz &#8220;Never Miss the Opportunity of a Good Crisis!&#8221;<\/p>\n<p><!--more-->Jetzt, wo die Fehler des pervertierten Quasi-Kapitalismus (Betrug und G\u00fcnstlingswirtschaft auf Stufe Regierungen, Zentralbanken und\u00a0Banken \u2013 der \u00dcbergang ist ja nahezu fliessend) an den Tag gelangen und das gesamte System aus den Fugen ger\u00e4t, w\u00e4re es h\u00f6chste Zeit, die Kr\u00e4fte des Marktes spielen zu lassen. Doch diese Kr\u00e4fte w\u00fcrden das System in der Luft zerreissen. Zu lange hat das Schneeballprinzip (&#8220;ponzi-sceme&#8221;) hervorragend funktioniert und Milliarden von Gewinnen in die Taschen von regierungsnahen Unternehmen und somit auch den f\u00fcr diese Unternehmen lobbyierenden Politiker gesp\u00fclt.<\/p>\n<p>Der Richter, der f\u00fcr faire Marktbedingungen sorgen m\u00fcsste, also die Regierung, ist Teil des Systems und profitiert indirekt von der Korruption und den Verfehlungen der grossen Akteure. Er tut alles, meist in Kombination mit der Zentralbank, um das fehlgeleitete System am Leben zu halten. Doch die Kosten dazu werden immer gr\u00f6sser. Nun m\u00fcssten selbst Staaten einspringen und damit in zweiter Reihe immer auch die Steuerzahler sowie deren Kinder.<\/p>\n<p>Aber darauf wollte ich gar nicht hinaus. Hier geht es ja um jene, die nicht mehr Freiheit und Markt wollen, sondern genau das Gegenteil: Mehr Staat, mehr Kontrolle, mehr Gesetze. Seit ein paar Wochen gibt es f\u00fcr diese Gruppe auch einen Namen: &#8220;Occupy XY&#8221;<\/p>\n<p>Sofort sind die Linken auf den Zug aufgesprungen und haben sich mit der Bewegung solidarisiert. Das sich Verstecken hinter Vendetta-Masken, das Anonyme, der Kampf gegen den b\u00f6sen Kapitalismus, die pauschalen und inhaltlich meist nicht haltbaren Anschuldigungen und das Zeigen mit dem Finger auf die anderen \u2013 das ist genau nach ihrem Gusto!<\/p>\n<p>Deshalb hier, prophylaktisch, aber nicht minder mahnend meine Warnung: Passen wir auf, was aus dieser Bewegung wird und wer ihre Dynamik ausnutzt. Achten wir darauf, wer sich als Gallionsfigur der Gruppe positionieren will und lesen wir genau, welche Forderungen die Gruppe stellt. Die Bewegung\/Gruppe zu ignorieren, k\u00f6nnte uns eines Tages den Kopf kosten. Wir sollten ihn also einschalten, solange man ihn uns noch zugesteht.<\/p>\n","protected":false},"excerpt":{"rendered":"<p>In allen schlechten Zeiten nutzten einige Gruppierungen die Sorgen ihrer W\u00e4hler schamlos f\u00fcr ihre eigene Zwecke aus \u2013 ganz nach dem Grundsatz &#8220;Never Miss the Opportunity of a Good Crisis!&#8221;<\/p>\n","protected":false},"author":1,"featured_media":0,"comment_status":"open","ping_status":"open","sticky":false,"template":"","format":"standard","meta":{"_jetpack_memberships_contains_paid_content":false,"footnotes":""},"categories":[4,6],"tags":[30,55,137,119,92,94,142,139,115],"class_list":["post-959","post","type-post","status-publish","format-standard","hentry","category-gesellschaft","category-politik","tag-demokratie","tag-krise","tag-politik","tag-snb","tag-sozialismus","tag-sp","tag-staat","tag-wirtschaft","tag-zukunft"],"jetpack_featured_media_url":"","jetpack_sharing_enabled":true,"post_mailing_queue_ids":[],"_links":{"self":[{"href":"https:\/\/unbequemefragen.ch\/index.php?rest_route=\/wp\/v2\/posts\/959","targetHints":{"allow":["GET"]}}],"collection":[{"href":"https:\/\/unbequemefragen.ch\/index.php?rest_route=\/wp\/v2\/posts"}],"about":[{"href":"https:\/\/unbequemefragen.ch\/index.php?rest_route=\/wp\/v2\/types\/post"}],"author":[{"embeddable":true,"href":"https:\/\/unbequemefragen.ch\/index.php?rest_route=\/wp\/v2\/users\/1"}],"replies":[{"embeddable":true,"href":"https:\/\/unbequemefragen.ch\/index.php?rest_route=%2Fwp%2Fv2%2Fcomments&post=959"}],"version-history":[{"count":3,"href":"https:\/\/unbequemefragen.ch\/index.php?rest_route=\/wp\/v2\/posts\/959\/revisions"}],"predecessor-version":[{"id":963,"href":"https:\/\/unbequemefragen.ch\/index.php?rest_route=\/wp\/v2\/posts\/959\/revisions\/963"}],"wp:attachment":[{"href":"https:\/\/unbequemefragen.ch\/index.php?rest_route=%2Fwp%2Fv2%2Fmedia&parent=959"}],"wp:term":[{"taxonomy":"category","embeddable":true,"href":"https:\/\/unbequemefragen.ch\/index.php?rest_route=%2Fwp%2Fv2%2Fcategories&post=959"},{"taxonomy":"post_tag","embeddable":true,"href":"https:\/\/unbequemefragen.ch\/index.php?rest_route=%2Fwp%2Fv2%2Ftags&post=959"}],"curies":[{"name":"wp","href":"https:\/\/api.w.org\/{rel}","templated":true}]}}