{"id":900,"date":"2011-08-22T22:41:36","date_gmt":"2011-08-22T21:41:36","guid":{"rendered":"http:\/\/unbequemefragen.ch\/?p=900"},"modified":"2011-08-22T22:41:36","modified_gmt":"2011-08-22T21:41:36","slug":"schawinski-schiesst-sich-selbst-ab","status":"publish","type":"post","link":"https:\/\/unbequemefragen.ch\/?p=900","title":{"rendered":"Schawinski schiesst sich selbst ab"},"content":{"rendered":"<p>Viel muss man zu <del>seiner Sendung<\/del> seinem Monolog nicht schreiben. Es gen\u00fcgt ein Blick in die Twittersph\u00e4re:<\/p>\n<div>\n<ul>\n<li><a title=\"Elmar H\u00fcrlimann\" href=\"http:\/\/twitter.com\/#!\/elmarhuerlimann\" data-user-id=\"99580469\">elmarhuerlimann<\/a>\u00a0Elmar H\u00fcrlimann<br \/>\n<strong>Schawinski<\/strong>\u00a0mit seiner neuen Sendung auf SF f\u00fcgt sich ja in die gewohnten, erm\u00fcdenden Sendegef\u00e4sse ein: Gebt ihm wieder einen eigenen Sender!<\/li>\n<li><a title=\"Lea Barmettler\" href=\"http:\/\/twitter.com\/#!\/lbarmettler\" data-user-id=\"3318971\">lbarmettler<\/a>\u00a0Lea Barmettler<br \/>\n<strong>Schawinski<\/strong>\u00a0macht mich nerv\u00f6s und aggressiv.<!--more--><\/li>\n<li><a title=\"Dominic Stoecklin\" href=\"http:\/\/twitter.com\/#!\/dstoecklin\" data-user-id=\"32526042\">dstoecklin<\/a>\u00a0Dominic Stoecklin<br \/>\nHummler war Anfang Jahr schon im Radio 1 Doppelpunkt und\u00a0<strong>Schawinski<\/strong>\u00a0stellt wieder die gleichen Fragen.<\/li>\n<li><a title=\"Christian Fawer\" href=\"http:\/\/twitter.com\/#!\/monoblog\" data-user-id=\"15179060\">monoblog<\/a>\u00a0Christian Fawer<br \/>\nweshalb fragt\u00a0<strong>Schawinski<\/strong>\u00a0\u00fcberhaupt..? Er weiss ja eh alles besser; sogar die Zitate kennt er besser als der Urheber&#8230;<\/li>\n<li><a title=\"Jan Flueckiger\" href=\"http:\/\/twitter.com\/#!\/fljan\" data-user-id=\"26462770\">fljan<\/a>\u00a0Jan Flueckiger<br \/>\n<a title=\"#Schawinski\" href=\"http:\/\/twitter.com\/#!\/search?q=%23Schawinski\" rel=\"nofollow\">#<strong>Schawinski<\/strong><\/a>\u00a0sackschwach: l\u00e4sst seinen Gespr\u00e4chspartner nie ausreden, unterbricht st\u00e4ndig, springt von einem Thema zum anderen, pure Egoshow<\/li>\n<li><a title=\"Christian Fawer\" href=\"http:\/\/twitter.com\/#!\/monoblog\" data-user-id=\"15179060\">monoblog<\/a>\u00a0Christian Fawer<br \/>\n<strong>Schawinski<\/strong>\u00a0w\u00fcrde besser sich selbst interviewen, dann m\u00fcsste er nicht immer unterbrechen und den anderen die Worte in den Mund legen&#8230;<\/li>\n<li><a title=\"Adi K\u00e4lin\" href=\"http:\/\/twitter.com\/#!\/adikaelin\" data-user-id=\"184530685\">adikaelin<\/a>\u00a0Adi K\u00e4lin<br \/>\nWenn\u00a0<strong>Schawinski<\/strong>\u00a0nerv\u00f6s ist, l\u00e4sst er den Gegner noch weniger zu Wort kommen.\u00a0<a title=\"#Schawi\" href=\"http:\/\/twitter.com\/#!\/search?q=%23Schawi\" rel=\"nofollow\">#Schawi<\/a><\/li>\n<li><a title=\"Man with hat\u2122\" href=\"http:\/\/twitter.com\/#!\/gerryreinhardt\" data-user-id=\"25079678\">gerryreinhardt<\/a>\u00a0Man with hat\u2122<br \/>\nLaaangweilig.\u00a0<a title=\"#schawinski\" href=\"http:\/\/twitter.com\/#!\/search?q=%23schawinski\" rel=\"nofollow\">#<strong>schawinski<\/strong><\/a>\u00a0Der ausfahrbare TV war das spektakul\u00e4rste bisher.<\/li>\n<li><a title=\"Samuel Dubno\" href=\"http:\/\/twitter.com\/#!\/SamuelDubno\" data-user-id=\"45821688\">SamuelDubno<\/a>\u00a0Samuel Dubno<br \/>\nIch wette, dass die meisten Fernsehkritiker ihren\u00a0<strong>Schawinski<\/strong>-Verriss bereits zu etwa zwei Drittel fertig geschrieben haben.<\/li>\n<li><a title=\"Stefan Millius\" href=\"http:\/\/twitter.com\/#!\/millius\" data-user-id=\"25055211\">millius<\/a>\u00a0Stefan Millius<br \/>\nHeute Premiere: Roger\u00a0<strong>Schawinski<\/strong>\u00a0interviewt sich selbst knallhart. Das Sendekonzept sieht vor, dass jeweils noch jemand im Studio sitzt.<\/li>\n<li><a title=\"Jurg Hilgarth\" href=\"http:\/\/twitter.com\/#!\/JHilgarth\" data-user-id=\"23100657\">JHilgarth<\/a>\u00a0Jurg Hilgarth<br \/>\nBin ich der Einzige, der eingeschlafen ist?\u00a0<a title=\"#Schawinski\" href=\"http:\/\/twitter.com\/#!\/search?q=%23Schawinski\" rel=\"nofollow\">#<\/a><strong><a title=\"#Schawinski\" href=\"http:\/\/twitter.com\/#!\/search?q=%23Schawinski\" rel=\"nofollow\">Schawinski<\/a><\/strong><\/li>\n<li><a title=\"Michael Eugster\" href=\"http:\/\/twitter.com\/#!\/gsagt\" data-user-id=\"86352744\">gsagt<\/a>\u00a0Michael Eugster<br \/>\nWisst ihr,\u00a0<a title=\"#schawinski\" href=\"http:\/\/twitter.com\/#!\/search?q=%23schawinski\" rel=\"nofollow\">#<strong>schawinski<\/strong><\/a>\u00a0war schon lange nicht mehr bein SF, der hat viel zu erz\u00e4hlen. Das merkt man auch.<\/li>\n<li><a title=\"thetalldude\" href=\"http:\/\/twitter.com\/#!\/thetalldude\" data-user-id=\"14049364\">thetalldude<\/a>\u00a0thetalldude<br \/>\nVielleicht h\u00e4tte Hummler ja was Interessantes zu sagen gehabt. Man h\u00e4tte es erfahren, wenn Schawi ihn mal h\u00e4tte ausreden lassen\u00a0<a title=\"#schawinski\" href=\"http:\/\/twitter.com\/#!\/search?q=%23schawinski\" rel=\"nofollow\">#<\/a><a title=\"#schawinski\" href=\"http:\/\/twitter.com\/#!\/search?q=%23schawinski\" rel=\"nofollow\"><strong>schawinski<\/strong><\/a><\/li>\n<li><a title=\"Christoph Lanter\" href=\"http:\/\/twitter.com\/#!\/chlanter\" data-user-id=\"140877290\">chlanter<\/a>\u00a0Christoph Lanter<br \/>\nZu kurze Sendung oder\u00a0<a title=\"#Schawinski\" href=\"http:\/\/twitter.com\/#!\/search?q=%23Schawinski\" rel=\"nofollow\">#<strong>Schawinski<\/strong><\/a>\u00a0l\u00e4sst nicht antworten\/ausreden &#8211; nervt etwas. Viele Fragen &#8211; keine Antworten.\u00a0<a title=\"#schawi\" href=\"http:\/\/twitter.com\/#!\/search?q=%23schawi\" rel=\"nofollow\">#schawi<\/a><\/li>\n<li><a title=\"Roland Wyss-Aerni\" href=\"http:\/\/twitter.com\/#!\/rolandwyss\" data-user-id=\"212506659\">rolandwyss<\/a>\u00a0Roland Wyss-Aerni<br \/>\nalso, die anlagekommentare sind spannender als so ein gehetztes interview mit\u00a0<strong>schawinski<\/strong>.<\/li>\n<li><a title=\"Onur Ogul\" href=\"http:\/\/twitter.com\/#!\/ONUR_OGO\" data-user-id=\"315981226\">ONUR_OGO<\/a>\u00a0Onur Ogul<br \/>\n<a title=\"#schawinski\" href=\"http:\/\/twitter.com\/#!\/search?q=%23schawinski\" rel=\"nofollow\">#<strong>schawinski<\/strong><\/a>\u00a0stellt Fragen, auf die man gar nicht Antworten muss. Es ist die &#8220;Fragen-pr\u00e4sentier&#8221;-Show<\/li>\n<li><a title=\"SF News\" href=\"http:\/\/twitter.com\/#!\/sf_tagesschau\" data-user-id=\"17864468\">sf_tagesschau<\/a>\u00a0SF News<br \/>\n<strong>Schawinski<\/strong>\u00a0in neuer Talk-Show: \u00ab1968 waren sie extrem rechts\u00bb: Der renommierte Talk-Master Roger\u00a0<strong>Schawinski<\/strong>&#8230;<a title=\"http:\/\/www.tagesschau.sf.tv\/Nachrichten\/Archiv\/2011\/08\/22\/Schweiz\/Schawinski-in-neuer-Talk-Show-1968-waren-sie-extrem-rechts\/?WT.z_rss=news\" href=\"http:\/\/t.co\/o9YIUqM\" rel=\"nofollow\" target=\"_blank\" data-expanded-url=\"http:\/\/www.tagesschau.sf.tv\/Nachrichten\/Archiv\/2011\/08\/22\/Schweiz\/Schawinski-in-neuer-Talk-Show-1968-waren-sie-extrem-rechts\/?WT.z_rss=news\">tinyurl.com\/3o6ptdp<\/a><\/li>\n<li><a title=\"Daniel Rei\" href=\"http:\/\/twitter.com\/#!\/reidan\" data-user-id=\"2217831\">reidan<\/a>\u00a0Daniel Rei<br \/>\npunkto ballbesitz war das ein sehr unausgeglichenes spiel\u00a0<a title=\"#schawinski\" href=\"http:\/\/twitter.com\/#!\/search?q=%23schawinski\" rel=\"nofollow\">#<\/a><strong><a title=\"#schawinski\" href=\"http:\/\/twitter.com\/#!\/search?q=%23schawinski\" rel=\"nofollow\">schawinski<\/a><\/strong><\/li>\n<li><a title=\"Beat Kaufmann\" href=\"http:\/\/twitter.com\/#!\/beat_kaufmann\" data-user-id=\"317173910\">beat_kaufmann<\/a>\u00a0Beat Kaufmann<br \/>\nneue sf1 talkshow\u00a0<strong>SCHAWINSKI<\/strong>\u00a0tr\u00e4gt den falschen titel: MONOLOG MIT GAST w\u00e4re deutlich passender \u2026<\/li>\n<\/ul>\n<div><span style=\"font-size: small;\"><span class=\"Apple-style-span\" style=\"line-height: 24px;\">Ob die Medien morgen ein anderes Urteil f\u00e4llen werden?<\/span><\/span><\/div>\n<\/div>\n","protected":false},"excerpt":{"rendered":"<p>Viel muss man zu seiner Sendung seinem Monolog nicht schreiben. Es gen\u00fcgt ein Blick in die Twittersph\u00e4re: elmarhuerlimann\u00a0Elmar H\u00fcrlimann Schawinski\u00a0mit seiner neuen Sendung auf SF f\u00fcgt sich ja in die gewohnten, erm\u00fcdenden Sendegef\u00e4sse ein: Gebt ihm wieder einen eigenen Sender! &hellip; <a href=\"https:\/\/unbequemefragen.ch\/?p=900\">Continue reading <span class=\"meta-nav\">&rarr;<\/span><\/a><\/p>\n","protected":false},"author":1,"featured_media":0,"comment_status":"open","ping_status":"open","sticky":false,"template":"","format":"standard","meta":{"_jetpack_memberships_contains_paid_content":false,"footnotes":""},"categories":[61],"tags":[141],"class_list":["post-900","post","type-post","status-publish","format-standard","hentry","category-medien","tag-medien"],"jetpack_featured_media_url":"","jetpack_sharing_enabled":true,"post_mailing_queue_ids":[],"_links":{"self":[{"href":"https:\/\/unbequemefragen.ch\/index.php?rest_route=\/wp\/v2\/posts\/900","targetHints":{"allow":["GET"]}}],"collection":[{"href":"https:\/\/unbequemefragen.ch\/index.php?rest_route=\/wp\/v2\/posts"}],"about":[{"href":"https:\/\/unbequemefragen.ch\/index.php?rest_route=\/wp\/v2\/types\/post"}],"author":[{"embeddable":true,"href":"https:\/\/unbequemefragen.ch\/index.php?rest_route=\/wp\/v2\/users\/1"}],"replies":[{"embeddable":true,"href":"https:\/\/unbequemefragen.ch\/index.php?rest_route=%2Fwp%2Fv2%2Fcomments&post=900"}],"version-history":[{"count":2,"href":"https:\/\/unbequemefragen.ch\/index.php?rest_route=\/wp\/v2\/posts\/900\/revisions"}],"predecessor-version":[{"id":902,"href":"https:\/\/unbequemefragen.ch\/index.php?rest_route=\/wp\/v2\/posts\/900\/revisions\/902"}],"wp:attachment":[{"href":"https:\/\/unbequemefragen.ch\/index.php?rest_route=%2Fwp%2Fv2%2Fmedia&parent=900"}],"wp:term":[{"taxonomy":"category","embeddable":true,"href":"https:\/\/unbequemefragen.ch\/index.php?rest_route=%2Fwp%2Fv2%2Fcategories&post=900"},{"taxonomy":"post_tag","embeddable":true,"href":"https:\/\/unbequemefragen.ch\/index.php?rest_route=%2Fwp%2Fv2%2Ftags&post=900"}],"curies":[{"name":"wp","href":"https:\/\/api.w.org\/{rel}","templated":true}]}}