{"id":824,"date":"2011-07-05T11:38:27","date_gmt":"2011-07-05T10:38:27","guid":{"rendered":"http:\/\/unbequemefragen.ch\/?p=824"},"modified":"2011-07-05T11:38:27","modified_gmt":"2011-07-05T10:38:27","slug":"ja-nein-vielleicht-die-sp-will-angeblich-nicht-mehr-in-die-eu","status":"publish","type":"post","link":"https:\/\/unbequemefragen.ch\/?p=824","title":{"rendered":"Ja, Nein, vielleicht? Die SP will &#8211; angeblich &#8211; nicht mehr in die EU"},"content":{"rendered":"<p>Es ist schon faszinierend, wie es die SP immer wieder schafft, die Realit\u00e4t ins Gegenteil umzudeuten. Was lesen wir da:<\/p>\n<blockquote><p>&#8220;Mehrere prominente Sozialdemokraten wenden sich von einem EU-Beitritt der Schweiz ab. Dies, obwohl ein EU-Beitritt eine zentrale Forderung im SP-Parteiprogramm ist.&#8221;<br \/>\nQuelle: <a href=\"http:\/\/www.20min.ch\/news\/schweiz\/story\/SP-Politiker-distanzieren-sich-von-EU-Beitritt-28015557\" target=\"_blank\">20min.ch<\/a><\/p><\/blockquote>\n<p>20min f\u00e4llt wenigsten auf, dass sich die neusten \u00c4usserungen der SP von deren Parteiprogramm um 180\u00b0 unterscheidet. Doch dann \u00fcbernimmt man die Stellungnahmen, ohne sie zu hinterfragen:<\/p>\n<blockquote><p>Die Solothurner Nationalr\u00e4tin Bea Heim kritisiert den \u00ab<strong>Rechtsdrall<\/strong>\u00bb der EU.<!--more--><\/p>\n<p>Der Solothurner St\u00e4nderat Roberto Zanetti macht einen Stimmungswandel aus: \u00abDie romantische Liebesbeziehung der SP zur EU ist vorbei, die Euphorie weg.\u00bb Der Hauptgrund sei, dass die EU zu einem \u00ab<strong>neoliberalen Projekt<\/strong>\u00bb geworden sei.<\/p><\/blockquote>\n<p>Wie bitte? &#8220;Rechtsdrall&#8221;? &#8220;Neoliberales Projekt&#8221;? Wo bitte ist denn sowas bei der EU zu sehen? Meinen sie etwa die Wahlergebnisse der EU-kritischen Parteien in Finnland (&#8220;<a href=\"http:\/\/en.wikipedia.org\/wiki\/True_Finns\" target=\"_blank\">Wahre Finnen<\/a>&#8220;) oder in UK (&#8220;<a href=\"http:\/\/en.wikipedia.org\/wiki\/UKIP\" target=\"_blank\">UKIP<\/a>&#8220;)? Die machen doch nicht die EU aus?! Hallo?! Welche Fatamorgana sehen die Genossen hier am Horizont?<\/p>\n<p>Die EU ist ein <strong>sozialistisches Projekt<\/strong> mit einem <strong>extremen Linksdrall<\/strong>. Dass dabei die Banken die grossen Gewinner sind, ist auf die Dummheit der EU-B\u00fcrokraten zur\u00fcck zu f\u00fchren. Also bitte nicht Ursache und Wirkung vermischen.<\/p>\n<p>Zudem: Wie w\u00e4re es, wenn die SP f\u00fcr einmal bei ihren Zielen bleiben und zu ihrer Meinung stehen w\u00fcrde? Sie hat doch ihr Parteiprogramm mit den drei Eckwerten &#8220;\u00dcberwindung des Kapitalismus&#8221;, &#8220;EU-Beitritt&#8221; und &#8220;Abschaffung der Armee&#8221; verabschiedet&#8230;<\/p>\n<p>Es kommt mir vor, als ob die SP sich die Wahlstrategie der CVP zu eigen macht. Die kann sich auch nicht entscheiden, was sie will und positioniert sich <del>in der Mitte<\/del> zwischen Stuhl und Bank.<\/p>\n<p>Der W\u00e4hler wird schon wissen, was er davon halten soll. Auf Facebook gibt es eine Gruppe dazu: &#8220;<a href=\"https:\/\/www.facebook.com\/pages\/Wahlen-2011-Wir-w%C3%A4hlen-nicht-die-SP\/170869579591603\" target=\"_blank\">Wahlen 2011 &#8211; Wir w\u00e4hlen nicht die SP<\/a>&#8221; &#8211; Jetzt beitreten! \ud83d\ude42<\/p>\n<p>&nbsp;<\/p>\n","protected":false},"excerpt":{"rendered":"<p>Es ist schon faszinierend, wie es die SP immer wieder schafft, die Realit\u00e4t ins Gegenteil umzudeuten. Was lesen wir da: &#8220;Mehrere prominente Sozialdemokraten wenden sich von einem EU-Beitritt der Schweiz ab. Dies, obwohl ein EU-Beitritt eine zentrale Forderung im SP-Parteiprogramm &hellip; <a href=\"https:\/\/unbequemefragen.ch\/?p=824\">Continue reading <span class=\"meta-nav\">&rarr;<\/span><\/a><\/p>\n","protected":false},"author":3,"featured_media":0,"comment_status":"open","ping_status":"open","sticky":false,"template":"","format":"standard","meta":{"_jetpack_memberships_contains_paid_content":false,"footnotes":""},"categories":[6],"tags":[36,137,94],"class_list":["post-824","post","type-post","status-publish","format-standard","hentry","category-politik","tag-europa","tag-politik","tag-sp"],"jetpack_featured_media_url":"","jetpack_sharing_enabled":true,"post_mailing_queue_ids":[],"_links":{"self":[{"href":"https:\/\/unbequemefragen.ch\/index.php?rest_route=\/wp\/v2\/posts\/824","targetHints":{"allow":["GET"]}}],"collection":[{"href":"https:\/\/unbequemefragen.ch\/index.php?rest_route=\/wp\/v2\/posts"}],"about":[{"href":"https:\/\/unbequemefragen.ch\/index.php?rest_route=\/wp\/v2\/types\/post"}],"author":[{"embeddable":true,"href":"https:\/\/unbequemefragen.ch\/index.php?rest_route=\/wp\/v2\/users\/3"}],"replies":[{"embeddable":true,"href":"https:\/\/unbequemefragen.ch\/index.php?rest_route=%2Fwp%2Fv2%2Fcomments&post=824"}],"version-history":[{"count":2,"href":"https:\/\/unbequemefragen.ch\/index.php?rest_route=\/wp\/v2\/posts\/824\/revisions"}],"predecessor-version":[{"id":826,"href":"https:\/\/unbequemefragen.ch\/index.php?rest_route=\/wp\/v2\/posts\/824\/revisions\/826"}],"wp:attachment":[{"href":"https:\/\/unbequemefragen.ch\/index.php?rest_route=%2Fwp%2Fv2%2Fmedia&parent=824"}],"wp:term":[{"taxonomy":"category","embeddable":true,"href":"https:\/\/unbequemefragen.ch\/index.php?rest_route=%2Fwp%2Fv2%2Fcategories&post=824"},{"taxonomy":"post_tag","embeddable":true,"href":"https:\/\/unbequemefragen.ch\/index.php?rest_route=%2Fwp%2Fv2%2Ftags&post=824"}],"curies":[{"name":"wp","href":"https:\/\/api.w.org\/{rel}","templated":true}]}}