{"id":796,"date":"2011-06-26T19:15:58","date_gmt":"2011-06-26T18:15:58","guid":{"rendered":"http:\/\/unbequemefragen.ch\/?p=796"},"modified":"2011-06-26T19:19:14","modified_gmt":"2011-06-26T18:19:14","slug":"100-atomstrom-keine-nachfrage","status":"publish","type":"post","link":"https:\/\/unbequemefragen.ch\/?p=796","title":{"rendered":"100% Atomstrom &#8211; &#8220;Keine Nachfrage&#8221;!"},"content":{"rendered":"<p>Anfang Juni 2011 habe ich in der Folge zu meinem <a href=\"https:\/\/unbequemefragen.ch\/?p=744\" target=\"_blank\">Blog-Beitrag<\/a> meinem Stromanbieter hier in Baden einen Brief geschrieben. Als Adressaten habe ich \u2013 wie anl\u00e4sslich des Gespr\u00e4chs vom Mitarbeiter empfohlen \u2013 den CEO des Unternehmens gew\u00e4hlt. Neben meinen geschilderten Beobachtungen habe ich ihm vier Fragen gestellt:<\/p>\n<ul>\n<li><em>Wie viele der Privat-Kunden beziehen bei Ihnen zu mindestens 50% Solarstrom?<!--more--><\/em><\/li>\n<li><em>Wie viele der Privat-Kunden beziehen bei Ihnen zu mindestens 80% Strom aus Wasserkraft?<\/em><\/li>\n<li><em>Was hat eine allenfalls durchgef\u00fchrte Marktstudie zur Nachfrage nach Atomstrom hervorgebracht?<\/em><\/li>\n<li><em>Wann planen Sie die Einf\u00fchrung der vollst\u00e4ndigen freien Wahl des Energiemixes f\u00fcr die Kunden? Falls dies nicht geplant sein sollte, erachten Sie mein Schreiben als Anregung oder Antrag. Ich m\u00f6chte so schnell wie m\u00f6glich auf &#8220;100% Atomstrom&#8221; wechseln.<\/em><\/li>\n<\/ul>\n<p>19 Tage nach meiner Anfrage kam die Antwort. Eine Sachbearbeiterin hat sich der Angelegenheit angenommen und auch gleich selbst unterschrieben. Der CEO des lokalen Monopolisten scheint \u00fcberlastet zu sein. Sie hat mir wie folgt geantwortet:<\/p>\n<ul>\n<li><em>Wir erteilen keine detaillierten Ausk\u00fcnfte \u00fcber unsere Kunden. Ich kann Ihnen aber als allgemeine Information unseren Flyer \u00fcber die Verwendung des Aquae-Strom-Umweltbeitrags 2010 zustellen.<\/em><\/li>\n<li><em>Eine Marktstudie \u00fcber die Nachfrage nach Atomstrom haben wir weder durchgef\u00fchrt noch ist eine solche geplant.<\/em><\/li>\n<li><em>Die Einf\u00fchrung einer freien Wahl des Energiemixes steht mangels Nachfrage im Moment ebenfalls nicht zur Diskussion. Ihrem Wunsch nach 100% Atomstrom k\u00f6nnen wir aus diesem Grund nicht entsprechen. <\/em><\/li>\n<\/ul>\n<p>Was entnehme ich aus dieser Antwort?<\/p>\n<ol>\n<li>Die ersten beiden Fragen wurden nicht beantwortet. Ich habe nicht nach &#8220;detaillierten Ausk\u00fcnften&#8221; \u00fcber die Kunden gefragt, sondern nach zwei absoluten Zahlen von Kunden \u2013 eine f\u00fcr Solarstombez\u00fcger und eine f\u00fcr Wasserkraftbez\u00fcger. Die beiliegende Brosch\u00fcre hat nicht zur Aufkl\u00e4rung beigetragen und wanderte sofort ins Altpapier.<\/li>\n<li>Obschon keine Marktstudie zu Atomstrom gemacht wurde, beruft sich die Sachbearbeiterin auf die &#8220;mangel[nde] Nachfrage&#8221; f\u00fcr eine freie Wahl des Energiemixes. Woher nimmt sie denn diese Erkenntnis, wenn sie keine Marktstudie durchgef\u00fchrt hat?<\/li>\n<\/ol>\n<p>Es wird Zeit, dass wir die freie Wahl beim Strom fordern. Deshalb habe ich eine <a href=\"https:\/\/www.facebook.com\/pages\/Wir-wollen-die-freie-Wahl-beim-Strom\/198938380154087\" target=\"_blank\">Facebook-Gruppe<\/a> ins Leben gerufen, die genau das will. Ihr &#8220;like&#8221; ist willkommen.<\/p>\n","protected":false},"excerpt":{"rendered":"<p>Anfang Juni 2011 habe ich in der Folge zu meinem Blog-Beitrag meinem Stromanbieter hier in Baden einen Brief geschrieben. Als Adressaten habe ich \u2013 wie anl\u00e4sslich des Gespr\u00e4chs vom Mitarbeiter empfohlen \u2013 den CEO des Unternehmens gew\u00e4hlt. Neben meinen geschilderten &hellip; <a href=\"https:\/\/unbequemefragen.ch\/?p=796\">Continue reading <span class=\"meta-nav\">&rarr;<\/span><\/a><\/p>\n","protected":false},"author":3,"featured_media":0,"comment_status":"open","ping_status":"open","sticky":false,"template":"","format":"standard","meta":{"_jetpack_memberships_contains_paid_content":false,"footnotes":""},"categories":[4,6,8],"tags":[30,34,85,139],"class_list":["post-796","post","type-post","status-publish","format-standard","hentry","category-gesellschaft","category-politik","category-wirtschaft","tag-demokratie","tag-energie","tag-schweiz","tag-wirtschaft"],"jetpack_featured_media_url":"","jetpack_sharing_enabled":true,"post_mailing_queue_ids":[],"_links":{"self":[{"href":"https:\/\/unbequemefragen.ch\/index.php?rest_route=\/wp\/v2\/posts\/796","targetHints":{"allow":["GET"]}}],"collection":[{"href":"https:\/\/unbequemefragen.ch\/index.php?rest_route=\/wp\/v2\/posts"}],"about":[{"href":"https:\/\/unbequemefragen.ch\/index.php?rest_route=\/wp\/v2\/types\/post"}],"author":[{"embeddable":true,"href":"https:\/\/unbequemefragen.ch\/index.php?rest_route=\/wp\/v2\/users\/3"}],"replies":[{"embeddable":true,"href":"https:\/\/unbequemefragen.ch\/index.php?rest_route=%2Fwp%2Fv2%2Fcomments&post=796"}],"version-history":[{"count":3,"href":"https:\/\/unbequemefragen.ch\/index.php?rest_route=\/wp\/v2\/posts\/796\/revisions"}],"predecessor-version":[{"id":799,"href":"https:\/\/unbequemefragen.ch\/index.php?rest_route=\/wp\/v2\/posts\/796\/revisions\/799"}],"wp:attachment":[{"href":"https:\/\/unbequemefragen.ch\/index.php?rest_route=%2Fwp%2Fv2%2Fmedia&parent=796"}],"wp:term":[{"taxonomy":"category","embeddable":true,"href":"https:\/\/unbequemefragen.ch\/index.php?rest_route=%2Fwp%2Fv2%2Fcategories&post=796"},{"taxonomy":"post_tag","embeddable":true,"href":"https:\/\/unbequemefragen.ch\/index.php?rest_route=%2Fwp%2Fv2%2Ftags&post=796"}],"curies":[{"name":"wp","href":"https:\/\/api.w.org\/{rel}","templated":true}]}}