{"id":764,"date":"2011-06-05T13:13:51","date_gmt":"2011-06-05T12:13:51","guid":{"rendered":"http:\/\/unbequemefragen.ch\/?p=764"},"modified":"2011-06-05T13:14:17","modified_gmt":"2011-06-05T12:14:17","slug":"wehrpflicht-berufsarmeen-und-animal-farm","status":"publish","type":"post","link":"https:\/\/unbequemefragen.ch\/?p=764","title":{"rendered":"Wehrpflicht, Berufsarmeen und Animal Farm"},"content":{"rendered":"<p>Sollte es uns nicht zum Nachdenken anregen, wenn viele europ\u00e4ische L\u00e4nder die Wehrpflicht aufheben und Berufsarmeen bevorzugen? M\u00fcsste man diese Verlagerung auch aus einem etwas gr\u00f6sseren Blickwinkel ansehen?<\/p>\n<p>Die Tendenz zu Berufsarmee geht einher mit der Tendenz, immer mehr Macht von unteren Ebenen (B\u00fcrger, Staaten) zu h\u00f6heren Ebenen (Regierungen, Europ\u00e4ische Union) zu verlagern. <!--more-->Hohe Repr\u00e4sentanten in der EU (<a href=\"http:\/\/de.wikipedia.org\/wiki\/Herman_Van_Rompuy\" target=\"_blank\">van Rompuy<\/a> [ein Christdemokrat], <a href=\"http:\/\/de.wikipedia.org\/wiki\/Jos%C3%A9_Manuel_Barroso\" target=\"_blank\">Barroso<\/a> [ein ehemaliger Maoist], <a href=\"http:\/\/de.wikipedia.org\/wiki\/Jean-Claude_Juncker\" target=\"_blank\">Juncker<\/a> [ein Christsozialist], <a href=\"http:\/\/de.wikipedia.org\/wiki\/Jean-Claude_Trichet\" target=\"_blank\">Trichet<\/a>) werden nicht gew\u00e4hlt, sondern nur vom Parlament ernannt. Gesetze werden in Br\u00fcssel gemacht und \u00fcber alle L\u00e4nder gegossen. L\u00e4ndern entzieht man mit fadenscheinigen Argumenten die M\u00f6glichkeit, \u00fcber die Europ\u00e4ische Verfassung abzustimmen. Dort wo dar\u00fcber abgestimmt wird, spricht das Volk eine deutliche Sprache.<\/p>\n<p style=\"text-align: left;\">Mag es da verwundern, dass diese B\u00fcrokraten dem Volk und damit der B\u00fcrgerarmee misstrauen? Haben sie wohl Angst davor, dass sich das Volk gegen sie erheben k\u00f6nnte? W\u00e4re ein bewaffnetes, ausger\u00fcstetes und milit\u00e4risch geschultes Volk da nicht &#8220;hinderlich&#8221;? Erscheint es nicht weiter als logisch, wenn sich die selbsternannten Eliten lieber ihnen wenige, daf\u00fcr treu ergebene Soldaten (&#8220;wes Brot ich ess, des Lied ich sing&#8221;) um sich\u00a0scharen, um im Notfall ihre Pfr\u00fcnde zu sichern. Erleben wir nicht gerade George Orwells\u00a0Geschichte &#8220;Animal Farm&#8221;?<\/p>\n<p style=\"text-align: center;\"><object width=\"425\" height=\"349\"><param name=\"movie\" value=\"http:\/\/www.youtube.com\/v\/6MKXgrF9IRc?version=3&amp;hl=de_DE&amp;rel=0\" \/><param name=\"allowFullScreen\" value=\"true\" \/><param name=\"allowscriptaccess\" value=\"always\" \/><\/object><\/p>\n<p>Aktuell befinden wir uns im Film an der Stelle, an der ein harter Winter die Farm und ihre Bewohner trifft. Nur langfristiges Denken k\u00f6nnte die Welt aus der aktuellen Schulden- und Papiergeldwelt f\u00fchren. Wann werden wohl die guten Stimmen durch die Bluthunde zum Schweigen gebracht? Wann werden die Regeln umgeschrieben?<\/p>\n","protected":false},"excerpt":{"rendered":"<p>Sollte es uns nicht zum Nachdenken anregen, wenn viele europ\u00e4ische L\u00e4nder die Wehrpflicht aufheben und Berufsarmeen bevorzugen? M\u00fcsste man diese Verlagerung auch aus einem etwas gr\u00f6sseren Blickwinkel ansehen? Die Tendenz zu Berufsarmee geht einher mit der Tendenz, immer mehr Macht &hellip; <a href=\"https:\/\/unbequemefragen.ch\/?p=764\">Continue reading <span class=\"meta-nav\">&rarr;<\/span><\/a><\/p>\n","protected":false},"author":3,"featured_media":0,"comment_status":"open","ping_status":"open","sticky":false,"template":"","format":"standard","meta":{"_jetpack_memberships_contains_paid_content":false,"footnotes":""},"categories":[4,5,6],"tags":[30,36,54,137,89,92,115],"class_list":["post-764","post","type-post","status-publish","format-standard","hentry","category-gesellschaft","category-militar","category-politik","tag-demokratie","tag-europa","tag-krieg","tag-politik","tag-sicherheit","tag-sozialismus","tag-zukunft"],"jetpack_featured_media_url":"","jetpack_sharing_enabled":true,"post_mailing_queue_ids":[],"_links":{"self":[{"href":"https:\/\/unbequemefragen.ch\/index.php?rest_route=\/wp\/v2\/posts\/764","targetHints":{"allow":["GET"]}}],"collection":[{"href":"https:\/\/unbequemefragen.ch\/index.php?rest_route=\/wp\/v2\/posts"}],"about":[{"href":"https:\/\/unbequemefragen.ch\/index.php?rest_route=\/wp\/v2\/types\/post"}],"author":[{"embeddable":true,"href":"https:\/\/unbequemefragen.ch\/index.php?rest_route=\/wp\/v2\/users\/3"}],"replies":[{"embeddable":true,"href":"https:\/\/unbequemefragen.ch\/index.php?rest_route=%2Fwp%2Fv2%2Fcomments&post=764"}],"version-history":[{"count":2,"href":"https:\/\/unbequemefragen.ch\/index.php?rest_route=\/wp\/v2\/posts\/764\/revisions"}],"predecessor-version":[{"id":766,"href":"https:\/\/unbequemefragen.ch\/index.php?rest_route=\/wp\/v2\/posts\/764\/revisions\/766"}],"wp:attachment":[{"href":"https:\/\/unbequemefragen.ch\/index.php?rest_route=%2Fwp%2Fv2%2Fmedia&parent=764"}],"wp:term":[{"taxonomy":"category","embeddable":true,"href":"https:\/\/unbequemefragen.ch\/index.php?rest_route=%2Fwp%2Fv2%2Fcategories&post=764"},{"taxonomy":"post_tag","embeddable":true,"href":"https:\/\/unbequemefragen.ch\/index.php?rest_route=%2Fwp%2Fv2%2Ftags&post=764"}],"curies":[{"name":"wp","href":"https:\/\/api.w.org\/{rel}","templated":true}]}}