{"id":71,"date":"2008-08-01T22:21:29","date_gmt":"2008-08-01T20:21:29","guid":{"rendered":"http:\/\/mmexm.wordpress.com\/?p=71"},"modified":"2008-08-01T22:21:29","modified_gmt":"2008-08-01T20:21:29","slug":"rainfall-rutli","status":"publish","type":"post","link":"https:\/\/unbequemefragen.ch\/?p=71","title":{"rendered":"rainfall R\u00fctli"},"content":{"rendered":"<p>Wie man aus dem staatsnahen Fernsehehen entnehmen konnte, wurde heute die Bundesfeier auf dem R\u00fctli wegen heftigen Niederschl\u00e4gen abgebrochen. Ausserdem seien keine Rechtsradikalen auf dem R\u00fctli zugegen gewesen. Punkt.<\/p>\n<p>Quellen: <a href=\"http:\/\/www.nzz.ch\/nachrichten\/schweiz\/ruetli-auftakt_zur_bundesfeier_1.796935.html\">NZZ<\/a>, <a href=\"http:\/\/www.blick.ch\/news\/schweiz\/zentralschweiz\/sintflut-spuelt-ruetli-feier-davon-96951\">Blick<\/a>, <a href=\"http:\/\/www.20min.ch\/news\/schweiz\/story\/31805770\">20min<\/a>, <a href=\"http:\/\/tagesschau.sf.tv\/nachrichten\/archiv\/2008\/08\/01\/schweiz\/ruetlifeier_abgebrochen\">SF<\/a><\/p>\n<p>Doch es gibt auch noch eine andere Seite, welche die Journalisten offenbar verschweigen wollen: Eine lausige Organisation der Feier an und f\u00fcr sich (fehlende Schlechtwettervariante) bzw. den peinlichen Entscheidungen der &#8220;R\u00fctlikommission&#8221; mit Annemarie Huber-Hotz (AHH, die ehemalige Bundeskanzlerin) an der Spitze.<\/p>\n<p>Meine Beurteilung st\u00fctzt sich auf meine eigenen Beobachtungen, war ich doch dieses Jahr auf eben dieser &#8220;Kuhwiese&#8221; zugegen. Was war geschehen?<\/p>\n<p>Die Anfahrt mit den gecharterten Schiffen war wunderbar, der Himmel zwar etwas bedeckt, aber im Grossen und Ganzen war das Wetter doch sehr angenehm. Die etwa 500 Besucher besammelten sich in drei Sch\u00fcben auf der R\u00fctliwiese. Die von einer partiellen Sonnenfinsternis leicht bedeckte Sonne dr\u00fcckte durch die Wolken und Kinder sangen sich auf der B\u00fchne mit bekannten Schweizer Liedern ein. Alphornbl\u00e4ser und Fahnenschwinger machten Lust auf einen sch\u00f6nen Nachmittag. An der Ausgangslage konnte es nicht liegen: es war tiptop!<\/p>\n<p>Dann er\u00f6ffnete AHH die Feier. Ergo zu einem Zeitpunkt, als die Sonne bereits sich versteckte und ein leichter Nieselregen einsetzte &#8211; von Schlimmerem musste ausgegangen werden. Jetzt h\u00e4tte man die Feier umstellen k\u00f6nnen &#8211; aber: Fehlanzeige.<\/p>\n<p>Es sollte nun ein Jazz-Trio die moderne Schweiz instrumental darstellen. F\u00fcr die anwesenden, doch eher &#8220;einfach gestrickten&#8221; B\u00fcrger war dies sehr schwere Kost. Eine Melodie war nicht erkennbar. Ein Gef\u00fchl von &#8220;Heimat&#8221;, &#8220;Natur&#8221;, &#8220;R\u00fctlischwur&#8221;, &#8220;Gemeinschaft&#8221; wollte sich partout nicht einstellen. Einige Besucher verliessen das R\u00fctli bereits mit deutlichem Murren. Geschlagene 15 Minuten &#8211; im Minimum &#8211; ert\u00f6nte diese an &#8220;Regenmusik&#8221; erinnernde Intonation. Und als ob die Natur sich g\u00fctig zeigen wollte, nahm der Regenschauer auch tats\u00e4chlich stetig zu. Der Applaus eher anst\u00e4ndig als frenetisch. Doch AHH zog (noch) das Programm durch.<\/p>\n<p>Mittlerweile giesst es aus vollen K\u00fcbeln &#8211; wie ich schon sagte: &#8220;Regenmusik&#8221;! AHH tritt ans Mikrophon und verk\u00fcndet, dass die Feier verk\u00fcrzt werden soll. Man gehe sofort zum Festredner, Herr RR Dittli aus dem Kanton UR, \u00fcber. Seinen Aufh\u00e4nger, die vier Elemente der Natur, waren in einem sehr aktuellen Element verdeutlicht worden. Vermutlich hat er seine Rede ebenfalls gek\u00fcrzt. Inhaltlich fand ich sie auch eher fad. Besonders wenn man auf dem R\u00fctli steht, geh\u00f6ren doch die Elemente des Schwurs mit in die Rede. Aber eben&#8230;<\/p>\n<p>AHH trat wieder an und verk\u00fcndete, dass man nun auch noch auf die Intonation der Landeshymne verzichten werde. Auch der Bundesbrief wurde nicht mehr vorgelesen. Die Schulklasse musste genauso wie die Musikgesellschaft Brunnen &#8211; obschon sie unter einem behelfsm\u00e4ssigen Dach h\u00e4tten trocken auftreten k\u00f6nnen &#8211; unverrichteter Dinge das R\u00fctli fast fluchtartig verlassen. Die Schiffe wurden \u00fcberhastet an den Steg befohlen. Wie aufgeschreckte H\u00fchner sollte die Gesellschaft das R\u00fctli verlassen. Worte des Dankes fand AHH nur f\u00fcr die aufgetretenen Personen.<\/p>\n<p>Nun kippte die Stimmung vollends. An zwei Orten wurde &#8211; nicht ohne eine Spur von Trotz &#8211; die Landeshymne angestimmt. Von einzelnen Besuchern konnten harte Worte aufgeschnappt werden. Ob das ideal f\u00fcr die n\u00e4chsten Jahre war? Wohl kaum, dabei h\u00e4tte die Feier es n\u00f6tig, denn sie war weder ausverkauft noch von den Rechtsradikalen als gute Plattform angesehen worden. Da k\u00f6nnte man schon fast von einem genialen Schachzug der Nichtbeachtung sprechen..!<\/p>\n<p>Meiner Meinung nach fehlte ein flexibles Schlechtwetterprogramm. Wieso musste man die Feier abbrechen? Das Wetter beruhigte sich nach dem Abbruch auch prompt wieder, so dass einer Weiterf\u00fchrung nichts im Wege gestanden h\u00e4tte. Mindestens eine Strophe der Landeshymne (&#8220;Trittst im Sturm daher&#8230;&#8221;) w\u00e4re passenderweise dringelegen&#8230; Die Jazz-Gruppe h\u00e4tte man sich sparen k\u00f6nnen&#8230;.<\/p>\n<p>AHH hat ausserdem einen sehr schwachen Eindruck hinterlassen. Ist sie der Sache gewachsen? Wer war denn sonst noch von der Kommission da? Wer hat entschieden? Hat die gute Frau mal ein paar Tage in den Bergen verlebt, um solche Entscheide f\u00e4llen zu k\u00f6nnen? Hatte sie Kontakt zu Meteo Schweiz? Zu guter Letzt: Wieso ist dies alles (noch) kein Thema f\u00fcr die Presse?<\/p>\n<p>Fazit: Da muss man unbedingt \u00fcber die B\u00fccher! Freiheitsliebende Schweizer sollten sich doch nicht einfach von einem Gewitter in die Flucht schlagen lassen&#8230;!<\/p>\n","protected":false},"excerpt":{"rendered":"<p>Wie man aus dem staatsnahen Fernsehehen entnehmen konnte, wurde heute die Bundesfeier auf dem R\u00fctli wegen heftigen Niederschl\u00e4gen abgebrochen. Ausserdem seien keine Rechtsradikalen auf dem R\u00fctli zugegen gewesen. Punkt. Quellen: NZZ, Blick, 20min, SF Doch es gibt auch noch eine &hellip; <a href=\"https:\/\/unbequemefragen.ch\/?p=71\">Continue reading <span class=\"meta-nav\">&rarr;<\/span><\/a><\/p>\n","protected":false},"author":3,"featured_media":0,"comment_status":"open","ping_status":"open","sticky":false,"template":"","format":"standard","meta":{"_jetpack_memberships_contains_paid_content":false,"footnotes":""},"categories":[1],"tags":[12,27,137,79,113],"class_list":["post-71","post","type-post","status-publish","format-standard","hentry","category-uncategorized","tag-12","tag-bundesfeier","tag-politik","tag-rutli","tag-wetter"],"jetpack_featured_media_url":"","jetpack_sharing_enabled":true,"post_mailing_queue_ids":[],"_links":{"self":[{"href":"https:\/\/unbequemefragen.ch\/index.php?rest_route=\/wp\/v2\/posts\/71","targetHints":{"allow":["GET"]}}],"collection":[{"href":"https:\/\/unbequemefragen.ch\/index.php?rest_route=\/wp\/v2\/posts"}],"about":[{"href":"https:\/\/unbequemefragen.ch\/index.php?rest_route=\/wp\/v2\/types\/post"}],"author":[{"embeddable":true,"href":"https:\/\/unbequemefragen.ch\/index.php?rest_route=\/wp\/v2\/users\/3"}],"replies":[{"embeddable":true,"href":"https:\/\/unbequemefragen.ch\/index.php?rest_route=%2Fwp%2Fv2%2Fcomments&post=71"}],"version-history":[{"count":0,"href":"https:\/\/unbequemefragen.ch\/index.php?rest_route=\/wp\/v2\/posts\/71\/revisions"}],"wp:attachment":[{"href":"https:\/\/unbequemefragen.ch\/index.php?rest_route=%2Fwp%2Fv2%2Fmedia&parent=71"}],"wp:term":[{"taxonomy":"category","embeddable":true,"href":"https:\/\/unbequemefragen.ch\/index.php?rest_route=%2Fwp%2Fv2%2Fcategories&post=71"},{"taxonomy":"post_tag","embeddable":true,"href":"https:\/\/unbequemefragen.ch\/index.php?rest_route=%2Fwp%2Fv2%2Ftags&post=71"}],"curies":[{"name":"wp","href":"https:\/\/api.w.org\/{rel}","templated":true}]}}