{"id":694,"date":"2011-03-16T12:32:41","date_gmt":"2011-03-16T11:32:41","guid":{"rendered":"http:\/\/personal.netmex.ch\/?p=694"},"modified":"2011-05-17T10:54:32","modified_gmt":"2011-05-17T09:54:32","slug":"von-risiken-wahrscheinlichkeiten-und-politischen-irrwegen","status":"publish","type":"post","link":"https:\/\/unbequemefragen.ch\/?p=694","title":{"rendered":"Von Risiken, Wahrscheinlichkeiten und politischen Irrwegen"},"content":{"rendered":"<p>Pl\u00f6tzlich entdecken die Linken die Risiken mit tiefer Wahrscheinlichkeiten. Nat\u00fcrlich geht es bei ihnen nur um die Restrisiken der <del>Atomkraftwerke<\/del> Kernkraftwerke. Die Wahrscheinlichkeit eines <del>Unfalls<\/del> GAUs seien eben nicht Null und daher m\u00fcsse man sie abschalten und auf die &#8220;umweltfreundlichen&#8221; Energien setzen. Was ist davon zu halten? Einmal mehr: Nichts!<!--more--><\/p>\n<p>Wir sind als Schweizer die Weltmeister der Versicherungen. Fast alles ist irgendwie versichert. Wir scheuen das Risiko (und lassen uns daher viele Innovationen und Chancen entgehen). Doch wie hoch ist das Restrisiko bei unseren Kernkraftwerken im Vergleich zu den Reaktoren in Japan? Ein bisschen GMV (Gesunder Menschenverstand) sollte eigentlich reichen f\u00fcr eine Beurteilung (getreu dem Motto: &#8220;lieber ungef\u00e4hr richtig, als pr\u00e4zise falsch&#8221;):<\/p>\n<p><strong>Erdbeben:<\/strong><br \/>\nJapan liegt wohl an der aktivsten Bruchstelle unseres Planeten. Die Japaner sind deshalb Weltmeister im Bau von <a href=\"http:\/\/www.youtube.com\/watch?v=3Cjz3JFxMPc\" target=\"_blank\">erdbebensicheren Hochh\u00e4usern<\/a>. Bisher habe ich auch keinerlei Meldungen geh\u00f6rt, bei denen Hochh\u00e4user in Japan infolge des Erdbebens eingest\u00fcrzt w\u00e4ren. Mit einer Magnitute von rund 9 halten diese H\u00e4user also sehr viel aus. Man darf also auch davon ausgehen, dass Kernkraftwerke diesen hohen Standards gen\u00fcgen.<br \/>\nIn der Schweiz sind kleine <a href=\"http:\/\/www.seismo.ethz.ch\/\" target=\"_blank\">Erdbeben an der Tagesordnung, werden aber kaum gesp\u00fcrt<\/a>. Ein gr\u00f6sseres habe ich selbst 2007 mitbekommen, als es im Raum Brugg gesch\u00fcttelt hat. Die Karte hier zeigt eine \u00dcbersicht der letzten Jahre bzw. eine Gef\u00e4hrungskarte:<\/p>\n<p style=\"text-align: center;\"><img loading=\"lazy\" decoding=\"async\" class=\"aligncenter\" src=\"http:\/\/www.seismo.ethz.ch\/silva_ethz\/ETH\/erdw\/seismo\/seismo\/research\/groups\/gbilder\/eq_75_09_m2_juni2010_500.png?hires\" alt=\"\" width=\"518\" height=\"349\" \/><\/p>\n<p style=\"text-align: center;\"><img loading=\"lazy\" decoding=\"async\" class=\"aligncenter\" src=\"http:\/\/www.seismo.ethz.ch\/research\/groups\/gbilder\/hazard_map_475y_500px.png\" alt=\"\" width=\"500\" height=\"341\" \/><em>Quelle: <a href=\"http:\/\/www.seismo.ethz.ch\/\" target=\"_blank\">seismo.ethz.ch<\/a><\/em><\/p>\n<p style=\"text-align: left;\">Ein Kraftwerkt im Wallis zu bauen w\u00fcrde ich als wenig verantwortungsvoll betrachten. Hingegen liegen die Standorte unserer KKW alle in den gelb-gr\u00fcnen Gebieten, womit sie diesbez\u00fcglich einen &#8220;sicheren Untergrund&#8221; haben d\u00fcrften.<\/p>\n<p style=\"text-align: left;\">Nat\u00fcrlich sind Extremereignisse nie auszuschliessen. Dazu baut man die Anlagen mit den n\u00f6tigen Reserven und technischen Einrichtungen. Da zudem das <a href=\"http:\/\/www.psi.ch\/\" target=\"_blank\">Paul Scherrer Institut (PSI)<\/a> als weltweite High-Tech Forschungsanstalt bei uns zuhause ist, verf\u00fcgen wir auch \u00fcber das n\u00f6tige Fachwissen.<\/p>\n<p style=\"text-align: left;\">Alles in allem ist es also verantwortbar, aus Kernenergie Strom zu erzeugen. Den Gestehungsprozess haben wir gut im Griff.<\/p>\n<p style=\"text-align: left;\">Nachtrag:<br \/>\nDie Atom-Technologie wird gerne als &#8220;Dinosaurier-Technologie&#8221; verspottet. Dabei geht vergessen, dass Windm\u00fchlen und Wasserr\u00e4der ein paar Jahrhunderte mehr &#8220;auf dem Buckel&#8221; haben. Auch hier sehen wir nur Propaganda!<\/p>\n<p><strong>Tsunami:<\/strong><br \/>\nDas Thema ist schnell abgehandelt. Die Fluten m\u00fcsste sehr hoch kommen, damit selbst der tiefste Punkt der Schweiz (am Lago Maggiore) auf knapp 200 M.\u00fc.M. erreicht w\u00fcrde.<\/p>\n<p>Was passiert, wenn Staumauern infolge eines Erdbebens bersten, ist wieder eine andere Frage. Da w\u00fcrde ich mehr Aufmerksamkeit darauf verwenden, denn viele Staumauern liegen im Kanton Wallis, der &#8211; siehe oben &#8211; zu den aktiveren Erdbebenregionen geh\u00f6rt. Davon wird aber in der politischen Diskussion kaum gesprochen.<\/p>\n<p><strong>Krieg\/Krisen:<\/strong><br \/>\nIn den vergangenen paar hundert Jahren klopfte ein Krieg oder eine Krise recht h\u00e4ufig an unsere T\u00fcre. Was auch immer der Ausl\u00f6ser gewesen war, die Eintretens-H\u00e4ufigkeit von solchen &#8220;Katastrophen&#8221; ist deutlich h\u00f6her als bei gewaltigen Erdbeben oder Tsunamis. Das Risiko ist damit auch deutlich h\u00f6her.<\/p>\n<p>Zudem gilt zu ber\u00fccksichtigen, dass bei kriegerischen Auseinandersetzungen stets der <del>Mensch<\/del> Politiker in seiner Unvollkommenheit dahinter steckt und dieser zudem sehr nach der Windfahne handelt (siehe aktuelle Atom-Diskussion).<\/p>\n<p>Wieso ist unseren um unser Wohl besorgten linken Politikern dieses Risiko keinen m\u00fcden Rappen wert? Wieso soll die Versicherungspr\u00e4mie &#8220;Armee&#8221; abgeschafft (SP) oder ausgehungert werden?<\/p>\n<p><strong>Beurteilung:<\/strong><br \/>\nMan kann sich also dem Eindruck nicht verwehren, dass es den linken Politikern bei der aktuellen &#8220;Atom-Diskussion&#8221; nicht um die Sicherheit von Land und Leute geht, sondern um politische R\u00e4kelspiele. Unser &#8220;Tsunami&#8221; wird noch kommen &#8211; nur werden wir dann nicht so gut vorbereitet sein wie die Japaner.<\/p>\n","protected":false},"excerpt":{"rendered":"<p>Pl\u00f6tzlich entdecken die Linken die Risiken mit tiefer Wahrscheinlichkeiten. Nat\u00fcrlich geht es bei ihnen nur um die Restrisiken der Atomkraftwerke Kernkraftwerke. Die Wahrscheinlichkeit eines Unfalls GAUs seien eben nicht Null und daher m\u00fcsse man sie abschalten und auf die &#8220;umweltfreundlichen&#8221; &hellip; <a href=\"https:\/\/unbequemefragen.ch\/?p=694\">Continue reading <span class=\"meta-nav\">&rarr;<\/span><\/a><\/p>\n","protected":false},"author":3,"featured_media":0,"comment_status":"open","ping_status":"open","sticky":false,"template":"","format":"standard","meta":{"_jetpack_memberships_contains_paid_content":false,"footnotes":""},"categories":[4,5,7],"tags":[21,34,54,55,137,89,138,115],"class_list":["post-694","post","type-post","status-publish","format-standard","hentry","category-gesellschaft","category-militar","category-technologie","tag-armee","tag-energie","tag-krieg","tag-krise","tag-politik","tag-sicherheit","tag-technologie","tag-zukunft"],"jetpack_featured_media_url":"","jetpack_sharing_enabled":true,"post_mailing_queue_ids":[],"_links":{"self":[{"href":"https:\/\/unbequemefragen.ch\/index.php?rest_route=\/wp\/v2\/posts\/694","targetHints":{"allow":["GET"]}}],"collection":[{"href":"https:\/\/unbequemefragen.ch\/index.php?rest_route=\/wp\/v2\/posts"}],"about":[{"href":"https:\/\/unbequemefragen.ch\/index.php?rest_route=\/wp\/v2\/types\/post"}],"author":[{"embeddable":true,"href":"https:\/\/unbequemefragen.ch\/index.php?rest_route=\/wp\/v2\/users\/3"}],"replies":[{"embeddable":true,"href":"https:\/\/unbequemefragen.ch\/index.php?rest_route=%2Fwp%2Fv2%2Fcomments&post=694"}],"version-history":[{"count":2,"href":"https:\/\/unbequemefragen.ch\/index.php?rest_route=\/wp\/v2\/posts\/694\/revisions"}],"predecessor-version":[{"id":713,"href":"https:\/\/unbequemefragen.ch\/index.php?rest_route=\/wp\/v2\/posts\/694\/revisions\/713"}],"wp:attachment":[{"href":"https:\/\/unbequemefragen.ch\/index.php?rest_route=%2Fwp%2Fv2%2Fmedia&parent=694"}],"wp:term":[{"taxonomy":"category","embeddable":true,"href":"https:\/\/unbequemefragen.ch\/index.php?rest_route=%2Fwp%2Fv2%2Fcategories&post=694"},{"taxonomy":"post_tag","embeddable":true,"href":"https:\/\/unbequemefragen.ch\/index.php?rest_route=%2Fwp%2Fv2%2Ftags&post=694"}],"curies":[{"name":"wp","href":"https:\/\/api.w.org\/{rel}","templated":true}]}}