{"id":63,"date":"2008-07-30T17:18:09","date_gmt":"2008-07-30T15:18:09","guid":{"rendered":"http:\/\/mmexm.wordpress.com\/?p=63"},"modified":"2008-07-30T17:18:09","modified_gmt":"2008-07-30T15:18:09","slug":"echt-liberal","status":"publish","type":"post","link":"https:\/\/unbequemefragen.ch\/?p=63","title":{"rendered":"echt liberal"},"content":{"rendered":"<p>Dem Pr\u00e4sidenten des Stifungsrates des <a href=\"http:\/\/www.libinst.ch\/\">Liberalen Institutst<\/a>, Herrn Robert Nef wurde verdientermassen im Juni die  <a href=\"http:\/\/www.libinst.ch\/?i=robert-nef-erhalt-die-hayek-medaille\">Hayek-Medaille verliehen<\/a>:<\/p>\n<blockquote><p>[&#8230;] Mit der Hayek-Medaille wird Robert Nefs publizistisches Lebenswerk gew\u00fcrdigt, das sich in verschiedenen Formen mit der Idee der Freiheit in Wirtschaft, Staat und Kultur auseinandersetzt. [&#8230;]<\/p><\/blockquote>\n<p>Was er in der neusten Ausgabe der &#8216;Finanz und Wirtschaft&#8217; (Ausgabe vom 30. Juli 2008, Editorial Seite 1) schreibt, trifft den Nagel auf den Kopf. Hier ein paar Ausz\u00fcge:<\/p>\n<blockquote><p>[&#8230;] Die Zahl der Politiker, die sich selbst gerne &#8216;liberal&#8217; nennen, ist am Zunehmen, w\u00e4hrend die stolze Partei, die urspr\u00fcnglich diesen Namen trug, die Fraktionsst\u00e4rke nicht mehr erreicht hat [&#8230;]<\/p>\n<p>[&#8230;] Die Liberalen waren urspr\u00fcnglich ideell durch ihr kompromissloses Bekenntnis zum Privateigentum und zur Privatautonomie verbunden. Sie bef\u00fcrworteten seit je einen gut funktionierenden Ordnungsstaat und lehnten den bevormundenden Daseinsvorsorge-, Wohlfahrts- und Umverteilungsstaat ab. Ihre Wirtschafts- und Steuerpolitik basierte auf m\u00f6glichst offenen Freihandel, moderater Besteuerung und einer Beschr\u00e4nkung aller staatlichen Interventionen und Subventionen auf das notwendige Minimum. F\u00fcr die Unabh\u00e4ngigkeit des Landes gegen aussen bekannten sie sich zum Neutralit\u00e4ts- und Universalit\u00e4tsprinzip basierend auf einer wirksamen Verteidigung des eigenen Territoriums durch eine modern ger\u00fcstete und gut ausgebildete Milizarmee. [&#8230;<\/p>\n<p>[&#8230;] Eine Partei, die dieses Ziel geschlossen und konsequent vertritt, sucht man vergebens. [&#8230;<\/p>\n<p>[&#8230;] Der sich nun verselbst\u00e4ndigte sogenannte liberale Fl\u00fcgel der SVP hat allerdings vermutlich von allen b\u00fcrgerlichen Parteien den geringsten Bezug zum klassischen Liberalismus. [&#8230;]<\/p>\n<p>[&#8230;] Der als besonders unliberal gescholtene Christoph Blocher hat sich im Lauf der Jahre vom b\u00fcrgerlich-konservativen Mittelstandsprotektionisten zum Wirtschaftsliberalen entwickelt. [&#8230;]<\/p>\n<p>[&#8230;] Der von Blocher inspirierte Zielkatalog der SVP Schweiz, Steuersenkungen durch Ausgabendisziplin, Bek\u00e4mpfung der Ausw\u00fcchse des Wohlfahrtsstaats, der B\u00fcrokratie und des Richterstaats, Stopp des leisetreterischen und anpasserischen Souver\u00e4nit\u00e4tsabbaus in Richtung EU-Sozialdemokratie, entspricht weitgehend dem Zielkatalog eines konsequenten Liberalismus. [&#8230;]<\/p><\/blockquote>\n<p>Robert Nef hat in seinem letzten Abschnitt ausserdem festgestellt, dass sich v.a. an Universit\u00e4ten und in Blogs j\u00fcngere politisch Interessierte wieder vermehrt f\u00fcr den strikten Liberalismus interessieren. Ich nehme diese Zeilen mal pers\u00f6nlich&#8230; \ud83d\ude09<\/p>\n<p>Danke Herr Nef!<\/p>\n","protected":false},"excerpt":{"rendered":"<p>Dem Pr\u00e4sidenten des Stifungsrates des Liberalen Institutst, Herrn Robert Nef wurde verdientermassen im Juni die Hayek-Medaille verliehen: [&#8230;] Mit der Hayek-Medaille wird Robert Nefs publizistisches Lebenswerk gew\u00fcrdigt, das sich in verschiedenen Formen mit der Idee der Freiheit in Wirtschaft, Staat &hellip; <a href=\"https:\/\/unbequemefragen.ch\/?p=63\">Continue reading <span class=\"meta-nav\">&rarr;<\/span><\/a><\/p>\n","protected":false},"author":3,"featured_media":0,"comment_status":"open","ping_status":"open","sticky":false,"template":"","format":"standard","meta":{"_jetpack_memberships_contains_paid_content":false,"footnotes":""},"categories":[6],"tags":[58,137,103],"class_list":["post-63","post","type-post","status-publish","format-standard","hentry","category-politik","tag-liberalismus","tag-politik","tag-svp"],"jetpack_featured_media_url":"","jetpack_sharing_enabled":true,"post_mailing_queue_ids":[],"_links":{"self":[{"href":"https:\/\/unbequemefragen.ch\/index.php?rest_route=\/wp\/v2\/posts\/63","targetHints":{"allow":["GET"]}}],"collection":[{"href":"https:\/\/unbequemefragen.ch\/index.php?rest_route=\/wp\/v2\/posts"}],"about":[{"href":"https:\/\/unbequemefragen.ch\/index.php?rest_route=\/wp\/v2\/types\/post"}],"author":[{"embeddable":true,"href":"https:\/\/unbequemefragen.ch\/index.php?rest_route=\/wp\/v2\/users\/3"}],"replies":[{"embeddable":true,"href":"https:\/\/unbequemefragen.ch\/index.php?rest_route=%2Fwp%2Fv2%2Fcomments&post=63"}],"version-history":[{"count":0,"href":"https:\/\/unbequemefragen.ch\/index.php?rest_route=\/wp\/v2\/posts\/63\/revisions"}],"wp:attachment":[{"href":"https:\/\/unbequemefragen.ch\/index.php?rest_route=%2Fwp%2Fv2%2Fmedia&parent=63"}],"wp:term":[{"taxonomy":"category","embeddable":true,"href":"https:\/\/unbequemefragen.ch\/index.php?rest_route=%2Fwp%2Fv2%2Fcategories&post=63"},{"taxonomy":"post_tag","embeddable":true,"href":"https:\/\/unbequemefragen.ch\/index.php?rest_route=%2Fwp%2Fv2%2Ftags&post=63"}],"curies":[{"name":"wp","href":"https:\/\/api.w.org\/{rel}","templated":true}]}}