{"id":628,"date":"2009-12-22T09:21:24","date_gmt":"2009-12-22T08:21:24","guid":{"rendered":"http:\/\/personal.netmex.ch\/?p=628"},"modified":"2009-12-22T09:21:24","modified_gmt":"2009-12-22T08:21:24","slug":"sparen-auf-politisch","status":"publish","type":"post","link":"https:\/\/unbequemefragen.ch\/?p=628","title":{"rendered":"Sparen auf &#8220;politisch&#8221;"},"content":{"rendered":"<p>Was ist hier falsch?<\/p>\n<blockquote><p><em>Wegen des drohenden Milliardendefizits ger\u00e4t Finanzminister Sch\u00e4uble unter Druck: Politiker von Union und FDP fordern, sofort mit dem Sparen anzufangen. Einem Bericht zufolge erw\u00e4gt die Regierung nun, den Beitragssatz zur Arbeitslosenversicherung deutlich zu erh\u00f6hen.<\/em><\/p>\n<p>Quelle: <a href=\"http:\/\/www.spiegel.de\/politik\/deutschland\/0,1518,668498,00.html\" target=\"_blank\">Spiegel Online<\/a><\/p><\/blockquote>\n<p>Aha, &#8220;sparen&#8221; heisst also nicht die Ausgaben zur\u00fcck zu fahren, sondern die Einnahmen (= Steuern, Abgaben) zu erh\u00f6hen&#8230; K\u00f6nnte bitte jemand den Leuten die Bedeutung von &#8220;Sparen&#8221; einmal wieder in Erinnerung rufen?<\/p>\n","protected":false},"excerpt":{"rendered":"<p>Was ist hier falsch? Wegen des drohenden Milliardendefizits ger\u00e4t Finanzminister Sch\u00e4uble unter Druck: Politiker von Union und FDP fordern, sofort mit dem Sparen anzufangen. Einem Bericht zufolge erw\u00e4gt die Regierung nun, den Beitragssatz zur Arbeitslosenversicherung deutlich zu erh\u00f6hen. Quelle: Spiegel &hellip; <a href=\"https:\/\/unbequemefragen.ch\/?p=628\">Continue reading <span class=\"meta-nav\">&rarr;<\/span><\/a><\/p>\n","protected":false},"author":3,"featured_media":0,"comment_status":"open","ping_status":"open","sticky":false,"template":"","format":"standard","meta":{"_jetpack_memberships_contains_paid_content":false,"footnotes":""},"categories":[6],"tags":[31,38,52,137,84,142,100],"class_list":["post-628","post","type-post","status-publish","format-standard","hentry","category-politik","tag-deutschland","tag-finanzen","tag-kopfschuttel","tag-politik","tag-schulden","tag-staat","tag-steuern"],"jetpack_featured_media_url":"","jetpack_sharing_enabled":true,"post_mailing_queue_ids":[],"_links":{"self":[{"href":"https:\/\/unbequemefragen.ch\/index.php?rest_route=\/wp\/v2\/posts\/628","targetHints":{"allow":["GET"]}}],"collection":[{"href":"https:\/\/unbequemefragen.ch\/index.php?rest_route=\/wp\/v2\/posts"}],"about":[{"href":"https:\/\/unbequemefragen.ch\/index.php?rest_route=\/wp\/v2\/types\/post"}],"author":[{"embeddable":true,"href":"https:\/\/unbequemefragen.ch\/index.php?rest_route=\/wp\/v2\/users\/3"}],"replies":[{"embeddable":true,"href":"https:\/\/unbequemefragen.ch\/index.php?rest_route=%2Fwp%2Fv2%2Fcomments&post=628"}],"version-history":[{"count":1,"href":"https:\/\/unbequemefragen.ch\/index.php?rest_route=\/wp\/v2\/posts\/628\/revisions"}],"predecessor-version":[{"id":629,"href":"https:\/\/unbequemefragen.ch\/index.php?rest_route=\/wp\/v2\/posts\/628\/revisions\/629"}],"wp:attachment":[{"href":"https:\/\/unbequemefragen.ch\/index.php?rest_route=%2Fwp%2Fv2%2Fmedia&parent=628"}],"wp:term":[{"taxonomy":"category","embeddable":true,"href":"https:\/\/unbequemefragen.ch\/index.php?rest_route=%2Fwp%2Fv2%2Fcategories&post=628"},{"taxonomy":"post_tag","embeddable":true,"href":"https:\/\/unbequemefragen.ch\/index.php?rest_route=%2Fwp%2Fv2%2Ftags&post=628"}],"curies":[{"name":"wp","href":"https:\/\/api.w.org\/{rel}","templated":true}]}}