{"id":60,"date":"2008-07-21T21:51:50","date_gmt":"2008-07-21T19:51:50","guid":{"rendered":"http:\/\/mmexm.wordpress.com\/?p=60"},"modified":"2008-07-21T21:51:50","modified_gmt":"2008-07-21T19:51:50","slug":"noch-mehr-affaren","status":"publish","type":"post","link":"https:\/\/unbequemefragen.ch\/?p=60","title":{"rendered":"Noch mehr Aff\u00e4ren"},"content":{"rendered":"<p>Die ganze &#8220;Aff\u00e4re Nef\/Schmid&#8221; erinnert mich an den \u2018Fall Div Peter Regli\u2019 zu Ogis Zeiten. Er wurde auch ungerechtfertigt in die W\u00fcste geschickt und viel sp\u00e4ter rehabilitiert als auf seinem Stuhl schon ein Neuer sass\u2026<\/p>\n<p>Kann mir einer mal sagen, wer von der ganzen Sache profitiert und was das Ziel der Sache ist? Wer schiebt der SoZ die Informationen zu? Wieso h\u00f6rt man nichts von Nefs Ex? Vielleicht ist die gute Frau ja ein \u201cunm\u00f6glicher Fall\u201d und hat viel selbst insziniert? Hat sie ein Interesse, sich &#8211; f\u00fcr was auch immer &#8211; zu r\u00e4chen? Oder geht ihr die Sache selbst zu weit und sie k\u00f6nnte sich sch\u00fctzend vor ihren Ex stellen?<\/p>\n<p>Kurz: Mir hat die Sache noch zu viele offene Fragen, als dass ein Urteil gef\u00e4llt werden k\u00f6nnte! Und so lange gilt die Unschuldsvermutung. Peinlich, wenn sich der CdA erkl\u00e4ren muss.<\/p>\n<p>Wenn hier \u00fcber jemanden gerichtet werden sollte, dann eher \u00fcber BR Schmid, der dem Wahlgremium &#8211; offenbar relevante &#8211; Informationen verschwiegen hat. Somit schiessen die Medien ins falsche prim\u00e4re Ziel\u2026<\/p>\n<p>Lasst endlich die Olympiade anfangen&#8230;<\/p>\n","protected":false},"excerpt":{"rendered":"<p>Die ganze &#8220;Aff\u00e4re Nef\/Schmid&#8221; erinnert mich an den \u2018Fall Div Peter Regli\u2019 zu Ogis Zeiten. Er wurde auch ungerechtfertigt in die W\u00fcste geschickt und viel sp\u00e4ter rehabilitiert als auf seinem Stuhl schon ein Neuer sass\u2026 Kann mir einer mal sagen, &hellip; <a href=\"https:\/\/unbequemefragen.ch\/?p=60\">Continue reading <span class=\"meta-nav\">&rarr;<\/span><\/a><\/p>\n","protected":false},"author":3,"featured_media":0,"comment_status":"open","ping_status":"open","sticky":false,"template":"","format":"standard","meta":{"_jetpack_memberships_contains_paid_content":false,"footnotes":""},"categories":[1],"tags":[21,137,85],"class_list":["post-60","post","type-post","status-publish","format-standard","hentry","category-uncategorized","tag-armee","tag-politik","tag-schweiz"],"jetpack_featured_media_url":"","jetpack_sharing_enabled":true,"post_mailing_queue_ids":[],"_links":{"self":[{"href":"https:\/\/unbequemefragen.ch\/index.php?rest_route=\/wp\/v2\/posts\/60","targetHints":{"allow":["GET"]}}],"collection":[{"href":"https:\/\/unbequemefragen.ch\/index.php?rest_route=\/wp\/v2\/posts"}],"about":[{"href":"https:\/\/unbequemefragen.ch\/index.php?rest_route=\/wp\/v2\/types\/post"}],"author":[{"embeddable":true,"href":"https:\/\/unbequemefragen.ch\/index.php?rest_route=\/wp\/v2\/users\/3"}],"replies":[{"embeddable":true,"href":"https:\/\/unbequemefragen.ch\/index.php?rest_route=%2Fwp%2Fv2%2Fcomments&post=60"}],"version-history":[{"count":0,"href":"https:\/\/unbequemefragen.ch\/index.php?rest_route=\/wp\/v2\/posts\/60\/revisions"}],"wp:attachment":[{"href":"https:\/\/unbequemefragen.ch\/index.php?rest_route=%2Fwp%2Fv2%2Fmedia&parent=60"}],"wp:term":[{"taxonomy":"category","embeddable":true,"href":"https:\/\/unbequemefragen.ch\/index.php?rest_route=%2Fwp%2Fv2%2Fcategories&post=60"},{"taxonomy":"post_tag","embeddable":true,"href":"https:\/\/unbequemefragen.ch\/index.php?rest_route=%2Fwp%2Fv2%2Ftags&post=60"}],"curies":[{"name":"wp","href":"https:\/\/api.w.org\/{rel}","templated":true}]}}