{"id":597,"date":"2009-09-20T17:38:37","date_gmt":"2009-09-20T15:38:37","guid":{"rendered":"http:\/\/personal.netmex.ch\/?p=597"},"modified":"2009-09-20T17:38:37","modified_gmt":"2009-09-20T15:38:37","slug":"ueli-maurer-positioniert-sich-als-medienminister","status":"publish","type":"post","link":"https:\/\/unbequemefragen.ch\/?p=597","title":{"rendered":"Ueli Maurer positioniert sich als Medienminister"},"content":{"rendered":"<p>Bundesrat Ueli Maurer hat anl\u00e4sslich seiner <a href=\"http:\/\/www.vbs.admin.ch\/internet\/vbs\/de\/home\/documentation\/reden\/liste\/detailspeech.29081.nsb.html\" target=\"_blank\">Rede am Jahreskongress des Verbandes Schweizer Presse<\/a> einige wunde Punkte aufgegriffen. Ausgehend von den Grundlagen, wozu es die Presse in einer Demokratie braucht, leitet er die wichtigsten Aufgaben und Eigenschaften ab. Er spricht sogar die &#8220;Neuen Medien&#8221; an &#8211; eher ungew\u00f6hnlich f\u00fcr einen Politiker. Die Lekt\u00fcre lohnt sich. Hier ein paar Ausschnitte:<!--more--><\/p>\n<blockquote><p>Die Medien berichten und informieren: Das ist die Wirkung der Medien, das ist die Wucht der sogenannten neuen Medien &#8211; Dass sie den Kreis der Wahrnehmung erweitern, den Wissensstand erh\u00f6hen, weit \u00fcber das selbst Erfahrene und selbst Erlebte hinaus. [&#8230;]<\/p>\n<p>Die Medien erm\u00f6glichen die Diskussion: Der B\u00fcrger ist nicht nur Informationskonsument, sondern auch Informationsproduzent. Er m\u00f6chte an der \u00d6ffentlichkeit teilnehmen. [&#8230;]<\/p>\n<p>Die Medien sorgen f\u00fcr Transparenz und kontrollieren die M\u00e4chtigen und die Macht: [&#8230;] Die Aufgabe des Kritisierens und Kontrollierens, des Anzeigens und Anprangerns, des Hinschauens und Hinterfragens. [&#8230;]<\/p>\n<p>Und vieles erreicht uns gar nie. Das f\u00e4llt mir immer wieder auf, wenn ich das Alltagsgeschehen mit der Berichterstattung vergleiche. Die Selektion der Nachrichten und Neuigkeiten unterl\u00e4uft die demokratische Meinungsbildung: Wer Informationen unterdr\u00fcckt, der \u00fcbernimmt das Amt des Zensors und darf sich nicht mehr der Ausgewogenheit r\u00fchmen. Bei Staatsmedien ist das unzul\u00e4ssig; privatwirtschaftliche Medien sollten dann offen zu ihrer Linie stehen. [&#8230;]<\/p>\n<p>Gravierend ist, dass sich das Mangelhafte mit der Manipulation vermischt: Bei der Anmoderation, bei der \u00dcberleitung zum n\u00e4chsten Thema, beim lockeren Spruch zwischendurch, in der Sportsendung, im Kulturbeitrag, im Gu\u00e4tnachtgschichtli &#8211; \u00fcberall werden Wertungen dazwischengestreut. Unterschwellig. Verdeckt und versteckt. Stets wird ein politischer Takt geklopft.  In den Printmedien sind es die Aussagen zwischen den Zeilen, die Bildauswahl, die Bildlegende, die Titel, die nicht zum Textinhalt passen. [&#8230;]<\/p>\n<p>Ich st\u00f6re mich nicht daran, dass Journalisten und Redaktoren ihre Meinung kundtun. Ich st\u00f6re mich daran, dass dies nicht offen geschieht, sondern heimlich und hintenrum, unter dem Deckmantel der wertfreien Faktenvermittlung. Und ich st\u00f6re mich auch daran, dass entgegenstehende Meinungen ignoriert werden [&#8230;]<\/p>\n<p>Wir m\u00fcssen uns \u00fcberlegen, wie wir die Qualit\u00e4t der Medien verbessern und den Wettbewerb st\u00e4rken k\u00f6nnen. Nicht nur den wirtschaftlichen Wettbewerb, sondern auch den Wettbewerb der Ideen und Meinungen. Wenn ich mir die einheitliche Berichterstattung der Mainstream-Medien ansehe, glaube ich, wir br\u00e4uchten so etwas wie ein Anti-Trust-Gesetz gegen Informationsmonopolisten und mediale Meinungskartelle. [&#8230;]<\/p>\n<p>Dabei m\u00fcssen wir aber konsequent sein: Auch die SRG soll sich dem Wettbewerb stellen, soll auf ihre \u00fcberm\u00e4chtige Position verzichten m\u00fcssen. Denn ihre dominierende Stellung ist mit dem urdemokratischen Gedanken der Ideen- und Meinungsvielfalt nicht vereinbar. [&#8230;]<\/p><\/blockquote>\n<p>&#8220;Potz Tuusig&#8221; &#8211; da versteht aber einer mehr als mancher ihm zugetraut h\u00e4tte. Und gleichzeitig macht er klar, welche Schwergewichte er als Medienminister setzen w\u00fcrde. Ja, man m\u00fcsste ihn klonen. \ud83d\ude09<\/p>\n","protected":false},"excerpt":{"rendered":"<p>Bundesrat Ueli Maurer hat anl\u00e4sslich seiner Rede am Jahreskongress des Verbandes Schweizer Presse einige wunde Punkte aufgegriffen. Ausgehend von den Grundlagen, wozu es die Presse in einer Demokratie braucht, leitet er die wichtigsten Aufgaben und Eigenschaften ab. Er spricht sogar &hellip; <a href=\"https:\/\/unbequemefragen.ch\/?p=597\">Continue reading <span class=\"meta-nav\">&rarr;<\/span><\/a><\/p>\n","protected":false},"author":3,"featured_media":0,"comment_status":"open","ping_status":"open","sticky":false,"template":"","format":"standard","meta":{"_jetpack_memberships_contains_paid_content":false,"footnotes":""},"categories":[4],"tags":[30,48,141,75,85],"class_list":["post-597","post","type-post","status-publish","format-standard","hentry","category-gesellschaft","tag-demokratie","tag-journalisten","tag-medien","tag-presse","tag-schweiz"],"jetpack_featured_media_url":"","jetpack_sharing_enabled":true,"post_mailing_queue_ids":[],"_links":{"self":[{"href":"https:\/\/unbequemefragen.ch\/index.php?rest_route=\/wp\/v2\/posts\/597","targetHints":{"allow":["GET"]}}],"collection":[{"href":"https:\/\/unbequemefragen.ch\/index.php?rest_route=\/wp\/v2\/posts"}],"about":[{"href":"https:\/\/unbequemefragen.ch\/index.php?rest_route=\/wp\/v2\/types\/post"}],"author":[{"embeddable":true,"href":"https:\/\/unbequemefragen.ch\/index.php?rest_route=\/wp\/v2\/users\/3"}],"replies":[{"embeddable":true,"href":"https:\/\/unbequemefragen.ch\/index.php?rest_route=%2Fwp%2Fv2%2Fcomments&post=597"}],"version-history":[{"count":2,"href":"https:\/\/unbequemefragen.ch\/index.php?rest_route=\/wp\/v2\/posts\/597\/revisions"}],"predecessor-version":[{"id":599,"href":"https:\/\/unbequemefragen.ch\/index.php?rest_route=\/wp\/v2\/posts\/597\/revisions\/599"}],"wp:attachment":[{"href":"https:\/\/unbequemefragen.ch\/index.php?rest_route=%2Fwp%2Fv2%2Fmedia&parent=597"}],"wp:term":[{"taxonomy":"category","embeddable":true,"href":"https:\/\/unbequemefragen.ch\/index.php?rest_route=%2Fwp%2Fv2%2Fcategories&post=597"},{"taxonomy":"post_tag","embeddable":true,"href":"https:\/\/unbequemefragen.ch\/index.php?rest_route=%2Fwp%2Fv2%2Ftags&post=597"}],"curies":[{"name":"wp","href":"https:\/\/api.w.org\/{rel}","templated":true}]}}