{"id":571,"date":"2009-07-07T16:09:37","date_gmt":"2009-07-07T15:09:37","guid":{"rendered":"http:\/\/mmexm.wordpress.com\/?p=569"},"modified":"2009-07-07T16:09:37","modified_gmt":"2009-07-07T15:09:37","slug":"papst-kommunist-xvi","status":"publish","type":"post","link":"https:\/\/unbequemefragen.ch\/?p=571","title":{"rendered":"Papst Kommunist XVI"},"content":{"rendered":"<p>Jetzt schl\u00e4gt&#8217;s Dreizehn!<\/p>\n<blockquote><p><em>Auch der Papst hat offensichtlich das Vertrauen in die bestehende Ordnung verloren. &#8220;Dringend n\u00f6tig&#8221;, um die Weltwirtschaft zu steuern, sei &#8220;das Vorhandensein einer echten politischen Weltautorit\u00e4t&#8221; jenseits von Uno und WTO.<\/em> [&#8230;]<em><br \/>\n<\/em><\/p>\n<p><em>Benedikt XVI. schwebt eine Art st\u00e4ndiger Krisengipfel vor, &#8220;um die Weltwirtschaft zu steuern&#8221;, die \u00d6konomien zu sanieren, &#8220;den Umweltschutz zu gew\u00e4hrleisten und die Migrationsstr\u00f6me zu regulieren&#8221;<\/em> [&#8230;]<\/p>\n<p><em><strong>Kurzum, es geht um nichts geringeres als eine Weltregierung pro bonum contra malum.<\/strong><\/em> [&#8230;]<\/p>\n<p><em>Kein Wort mehr davon, dass der freie Markt &#8220;das wirksamste Instrument f\u00fcr den Einsatz der Ressourcen und f\u00fcr die beste Befriedigung der Bed\u00fcrfnisse&#8221; zu sein scheine.<\/em> [&#8230;]<\/p>\n<p><em>Die Unternehmensf\u00fchrer d\u00fcrften &#8220;nicht allein auf die Interessen der Eigent\u00fcmer achten&#8221;<\/em><\/p>\n<p style=\"text-align:right;\">Quelle: <a href=\"http:\/\/www.spiegel.de\/panorama\/gesellschaft\/0,1518,634727,00.html\">Spiegel Online<\/a><\/p>\n<\/blockquote>\n<p>Immerhin hat der Papst offenbar doch noch ein paar gute Ideen, allerdings frage ich mich, wie diese beiden Seiten zusammenpassen k\u00f6nnen&#8230;<\/p>\n<blockquote><p><em>Die Gewerkschaften [&#8230;] sollen sich [&#8230;] aus der Politik heraushalten. [&#8230;]<br \/>\n<\/em><\/p>\n<p><em>In der Entwicklungspolitik lobt die Enzyklika das Werkzeug Mikrokredite, um die Eigenverantwortung zu f\u00f6rdern. [&#8230;]<\/em><\/p>\n<p><em>Internationale Organisationen m\u00fcssen sich &#8220;nach der tats\u00e4chlichen Wirksamkeit ihrer oft viel zu kostspieligen b\u00fcrokratischen Verwaltungsapparate fragen&#8221;.<\/em><\/p>\n<p style=\"text-align:right;\">Quelle: <a href=\"http:\/\/www.spiegel.de\/panorama\/gesellschaft\/0,1518,634727,00.html\">Spiegel Online<\/a><\/p>\n<\/blockquote>\n<p>Das Wissen \u00fcber den Liberalismus ist wirklich extremst schlecht verbreitet. Sogar der Papst kann Liberalismus nicht mehr von Kommunismus unterscheiden &#8211; wobei: Die Katholische Kirche kann man ja nicht wirklich als liberal bezeichnen. Sie finanziert sich ja nicht durch Leistungen, sondern \u00fcber Steuern&#8230;<\/p>\n<p>Wenn es hart auf hart zu und her geht (ob in der Wirtschaft, der Gesellschaft, der Familie), so soll man sich in erster Linie am Grunds\u00e4tzlichen orientieren, das hat sich fast immer bew\u00e4hrt. Hier w\u00e4re das echter (!) Liberalismus, einfache Regeln und nicht neue, komplizierte, unkontrollierbare Oberaufsichten.<\/p>\n<p>&#8230;Ich h\u00f6re schon die Verschw\u00f6rungsgl\u00e4ubigen, die darin den n\u00e4chsten Schritt zur NWO sehen.<\/p>\n","protected":false},"excerpt":{"rendered":"<p>Jetzt schl\u00e4gt&#8217;s Dreizehn! Auch der Papst hat offensichtlich das Vertrauen in die bestehende Ordnung verloren. &#8220;Dringend n\u00f6tig&#8221;, um die Weltwirtschaft zu steuern, sei &#8220;das Vorhandensein einer echten politischen Weltautorit\u00e4t&#8221; jenseits von Uno und WTO. [&#8230;] Benedikt XVI. schwebt eine Art &hellip; <a href=\"https:\/\/unbequemefragen.ch\/?p=571\">Continue reading <span class=\"meta-nav\">&rarr;<\/span><\/a><\/p>\n","protected":false},"author":3,"featured_media":0,"comment_status":"open","ping_status":"open","sticky":false,"template":"","format":"standard","meta":{"_jetpack_memberships_contains_paid_content":false,"footnotes":""},"categories":[4,6,8],"tags":[32,55,92,139],"class_list":["post-571","post","type-post","status-publish","format-standard","hentry","category-gesellschaft","category-politik","category-wirtschaft","tag-dummheiten","tag-krise","tag-sozialismus","tag-wirtschaft"],"jetpack_featured_media_url":"","jetpack_sharing_enabled":true,"post_mailing_queue_ids":[],"_links":{"self":[{"href":"https:\/\/unbequemefragen.ch\/index.php?rest_route=\/wp\/v2\/posts\/571","targetHints":{"allow":["GET"]}}],"collection":[{"href":"https:\/\/unbequemefragen.ch\/index.php?rest_route=\/wp\/v2\/posts"}],"about":[{"href":"https:\/\/unbequemefragen.ch\/index.php?rest_route=\/wp\/v2\/types\/post"}],"author":[{"embeddable":true,"href":"https:\/\/unbequemefragen.ch\/index.php?rest_route=\/wp\/v2\/users\/3"}],"replies":[{"embeddable":true,"href":"https:\/\/unbequemefragen.ch\/index.php?rest_route=%2Fwp%2Fv2%2Fcomments&post=571"}],"version-history":[{"count":0,"href":"https:\/\/unbequemefragen.ch\/index.php?rest_route=\/wp\/v2\/posts\/571\/revisions"}],"wp:attachment":[{"href":"https:\/\/unbequemefragen.ch\/index.php?rest_route=%2Fwp%2Fv2%2Fmedia&parent=571"}],"wp:term":[{"taxonomy":"category","embeddable":true,"href":"https:\/\/unbequemefragen.ch\/index.php?rest_route=%2Fwp%2Fv2%2Fcategories&post=571"},{"taxonomy":"post_tag","embeddable":true,"href":"https:\/\/unbequemefragen.ch\/index.php?rest_route=%2Fwp%2Fv2%2Ftags&post=571"}],"curies":[{"name":"wp","href":"https:\/\/api.w.org\/{rel}","templated":true}]}}