{"id":570,"date":"2008-05-19T21:48:44","date_gmt":"2008-05-19T19:48:44","guid":{"rendered":"http:\/\/mmexm.wordpress.com\/?p=3"},"modified":"2008-05-19T21:48:44","modified_gmt":"2008-05-19T19:48:44","slug":"ruckblick-auf-die-ahv-statistik-2007","status":"publish","type":"post","link":"https:\/\/unbequemefragen.ch\/?p=570","title":{"rendered":"R\u00fcckblick auf die AHV-Statistik 2007"},"content":{"rendered":"<p>Gerne lese ich mich durch alte Ausgaben von Zeitschriften oder Zeitungen. Wie \u00fcblich markiere ich interessante Stellen mit dem Highlighter. Sp\u00e4ter lese ich diese Stellen nochmals. Gewisse Dinge muss man sich auf der Zunge zergehen lassen. Wie z.B. die Zahlen zur AHV (prim\u00e4re Schweizer Altersversicherung):<\/p>\n<ul>\n<li>Wachstum Anteil der Hochbetagten (&gt;80 Jahre) zwischen 1997 und 2007: +21% (M\u00e4nner +28%, Frauen +18%)<\/li>\n<li>Anzahl Personen, \u00e4lter als 100 Jahre, die AHV beziehen. 1997: 72m\/454f; 2007: 142m\/842f<\/li>\n<li>Wachstum der Personen mit einer Altersrente zwischen 1997-2007: +14%<\/li>\n<\/ul>\n<p>&#8230;und die Babyboomer kommen erst noch ab 2010 dazu. Ob es da hilfreich ist, das Rentenalter starr bei 65 Jahren zu belassen?<\/p>\n<ul>\n<li>Wer zahlt ein? 20 bis 65-j\u00e4hrige (45 Jahre)<\/li>\n<li>Wer bezieht? 65 bis 100-j\u00e4hrige (Rundung!) (35 Jahre)<\/li>\n<li>Wie ist das Jahres-Verh\u00e4ltnis? 45:35 = 9:7 = 1.3 (!)<\/li>\n<\/ul>\n<p>In Anbetracht dieser Zahlen bin ich weiter daf\u00fcr, dass die Politik das Rentenalter vollst\u00e4ndig frei geben soll. Jeder soll so lange arbeiten k\u00f6nnen, wie er will und kann. Das geht aber nur, mit weiteren Reformen (Steuerreform), auf die ich sicher sp\u00e4ter zur\u00fcck kommen werde.<\/p>\n","protected":false},"excerpt":{"rendered":"<p>Gerne lese ich mich durch alte Ausgaben von Zeitschriften oder Zeitungen. Wie \u00fcblich markiere ich interessante Stellen mit dem Highlighter. Sp\u00e4ter lese ich diese Stellen nochmals. Gewisse Dinge muss man sich auf der Zunge zergehen lassen. Wie z.B. die Zahlen &hellip; <a href=\"https:\/\/unbequemefragen.ch\/?p=570\">Continue reading <span class=\"meta-nav\">&rarr;<\/span><\/a><\/p>\n","protected":false},"author":3,"featured_media":0,"comment_status":"open","ping_status":"open","sticky":false,"template":"","format":"standard","meta":{"_jetpack_memberships_contains_paid_content":false,"footnotes":""},"categories":[6],"tags":[11,17,137,81,85],"class_list":["post-570","post","type-post","status-publish","format-standard","hentry","category-politik","tag-11","tag-ahv","tag-politik","tag-rente","tag-schweiz"],"jetpack_featured_media_url":"","jetpack_sharing_enabled":true,"post_mailing_queue_ids":[],"_links":{"self":[{"href":"https:\/\/unbequemefragen.ch\/index.php?rest_route=\/wp\/v2\/posts\/570","targetHints":{"allow":["GET"]}}],"collection":[{"href":"https:\/\/unbequemefragen.ch\/index.php?rest_route=\/wp\/v2\/posts"}],"about":[{"href":"https:\/\/unbequemefragen.ch\/index.php?rest_route=\/wp\/v2\/types\/post"}],"author":[{"embeddable":true,"href":"https:\/\/unbequemefragen.ch\/index.php?rest_route=\/wp\/v2\/users\/3"}],"replies":[{"embeddable":true,"href":"https:\/\/unbequemefragen.ch\/index.php?rest_route=%2Fwp%2Fv2%2Fcomments&post=570"}],"version-history":[{"count":0,"href":"https:\/\/unbequemefragen.ch\/index.php?rest_route=\/wp\/v2\/posts\/570\/revisions"}],"wp:attachment":[{"href":"https:\/\/unbequemefragen.ch\/index.php?rest_route=%2Fwp%2Fv2%2Fmedia&parent=570"}],"wp:term":[{"taxonomy":"category","embeddable":true,"href":"https:\/\/unbequemefragen.ch\/index.php?rest_route=%2Fwp%2Fv2%2Fcategories&post=570"},{"taxonomy":"post_tag","embeddable":true,"href":"https:\/\/unbequemefragen.ch\/index.php?rest_route=%2Fwp%2Fv2%2Ftags&post=570"}],"curies":[{"name":"wp","href":"https:\/\/api.w.org\/{rel}","templated":true}]}}