{"id":565,"date":"2009-06-07T10:33:33","date_gmt":"2009-06-07T09:33:33","guid":{"rendered":"http:\/\/mmexm.wordpress.com\/?p=565"},"modified":"2009-06-07T10:33:33","modified_gmt":"2009-06-07T09:33:33","slug":"schnecken-auf-der-autobahn","status":"publish","type":"post","link":"https:\/\/unbequemefragen.ch\/?p=565","title":{"rendered":"Schnecken auf der Autobahn"},"content":{"rendered":"<p>Wann immer ich auf der Autobahn unterwegs bin, gerate ich irgendwo in einen z\u00e4hfl\u00fcssigen Abschnitt. Die Geschwindigkeit reduziert sich auf bisweilen unter 100 kmh, die Abst\u00e4nde werden kleiner, das Risiko eines Auffahrunfalles steigt.<\/p>\n<p>Ein Blick weit nach Vorne zeigt mir oft eine leere Autobahn, vielleicht mit ein paar wenigen Autos. Der kleine Stau ist also lokal beschr\u00e4nkt. Allerdings nicht absolut lokal, sondern relativ. Keine Baustelle und kein Pannenfahrzeug zwingen den Strom zu tieferen Geschwindigkeiten.<\/p>\n<p>Der Grund liegt sehr oft bei einem einzigen Automobilisten, der einige Eigenschaften auf sich vereint:<\/p>\n<ul>\n<li>Er f\u00e4hrt grunds\u00e4tzlich links;<\/li>\n<li>Er fahrt grunds\u00e4tzlich nicht schneller als die offiziell erlaubten 120 kmh;<\/li>\n<li>Beim Uberholen von Lastwagen schleicht er aus Angst an ihnen vorbei;<\/li>\n<li>Nach dem Uberholen wechselt er nicht sofort auf die rechte Fahrspur und die Geschwindigkeit bleibt unterhalb der erlaubten 120kmh;<\/li>\n<li>&#8230;und dann g\u00e4be es noch ein bis zwei, aber die lasse ich jetzt weg&#8230;<\/li>\n<\/ul>\n<p>Die meiste Zeit f\u00e4hrt man auf unseren Autobahnen fl\u00fcssig, die Kapazit\u00e4ten sind noch in Ordnung. Allein die Benutzer sind das Hauptproblem. Welche Massnahmen m\u00fcsste man ergreifen?<\/p>\n<ul>\n<li>Rechts\u00fcberholen zulassen;<\/li>\n<li>Mindestgeschwindigkeit auf der \u00dcberholspur bzw. Minimale \u00dcberholgeschwindigkeit +10 kmh im Verh\u00e4ltnis zu dem zu \u00fcberholenden Fahrzeug;<\/li>\n<li>Pflicht, dass nach den \u00dcberholen wieder auf die rechte Spur zu wechseln ist;<\/li>\n<li>Neue allgemeine H\u00f6chstgeschwindigkeit von 140 kmh (oder 150 kmh) zulassen (siehe <a href=\"http:\/\/www.facebook.com\/home.php#\/group.php?gid=133463140012\">Facebook Gruppe<\/a>);<\/li>\n<li>Einschr\u00e4nkungen der reduzierten Maximalgeschwindigkeiten \u00fcberpr\u00fcfen (z.B. 100kmh auf der A3 Habsburg-, B\u00f6zbergtunnel), Vmax erh\u00f6hen.<\/li>\n<\/ul>\n<p>Ob ich eine Facebook-Gruppe gr\u00fcnden soll?<\/p>\n","protected":false},"excerpt":{"rendered":"<p>Wann immer ich auf der Autobahn unterwegs bin, gerate ich irgendwo in einen z\u00e4hfl\u00fcssigen Abschnitt. Die Geschwindigkeit reduziert sich auf bisweilen unter 100 kmh, die Abst\u00e4nde werden kleiner, das Risiko eines Auffahrunfalles steigt. Ein Blick weit nach Vorne zeigt mir &hellip; <a href=\"https:\/\/unbequemefragen.ch\/?p=565\">Continue reading <span class=\"meta-nav\">&rarr;<\/span><\/a><\/p>\n","protected":false},"author":3,"featured_media":0,"comment_status":"open","ping_status":"open","sticky":false,"template":"","format":"standard","meta":{"_jetpack_memberships_contains_paid_content":false,"footnotes":""},"categories":[4],"tags":[52,109],"class_list":["post-565","post","type-post","status-publish","format-standard","hentry","category-gesellschaft","tag-kopfschuttel","tag-verkehr"],"jetpack_featured_media_url":"","jetpack_sharing_enabled":true,"post_mailing_queue_ids":[],"_links":{"self":[{"href":"https:\/\/unbequemefragen.ch\/index.php?rest_route=\/wp\/v2\/posts\/565","targetHints":{"allow":["GET"]}}],"collection":[{"href":"https:\/\/unbequemefragen.ch\/index.php?rest_route=\/wp\/v2\/posts"}],"about":[{"href":"https:\/\/unbequemefragen.ch\/index.php?rest_route=\/wp\/v2\/types\/post"}],"author":[{"embeddable":true,"href":"https:\/\/unbequemefragen.ch\/index.php?rest_route=\/wp\/v2\/users\/3"}],"replies":[{"embeddable":true,"href":"https:\/\/unbequemefragen.ch\/index.php?rest_route=%2Fwp%2Fv2%2Fcomments&post=565"}],"version-history":[{"count":0,"href":"https:\/\/unbequemefragen.ch\/index.php?rest_route=\/wp\/v2\/posts\/565\/revisions"}],"wp:attachment":[{"href":"https:\/\/unbequemefragen.ch\/index.php?rest_route=%2Fwp%2Fv2%2Fmedia&parent=565"}],"wp:term":[{"taxonomy":"category","embeddable":true,"href":"https:\/\/unbequemefragen.ch\/index.php?rest_route=%2Fwp%2Fv2%2Fcategories&post=565"},{"taxonomy":"post_tag","embeddable":true,"href":"https:\/\/unbequemefragen.ch\/index.php?rest_route=%2Fwp%2Fv2%2Ftags&post=565"}],"curies":[{"name":"wp","href":"https:\/\/api.w.org\/{rel}","templated":true}]}}