{"id":548,"date":"2009-05-31T22:59:21","date_gmt":"2009-05-31T21:59:21","guid":{"rendered":"http:\/\/mmexm.wordpress.com\/?p=548"},"modified":"2009-05-31T22:59:21","modified_gmt":"2009-05-31T21:59:21","slug":"masseneinburgerung","status":"publish","type":"post","link":"https:\/\/unbequemefragen.ch\/?p=548","title":{"rendered":"Masseneinb\u00fcrgerung"},"content":{"rendered":"<p>Sollte es uns nicht nachdenklich stimmen, wenn unsere <span style=\"text-decoration:line-through;\">Regierung<\/span> <span style=\"text-decoration:line-through;\">B\u00fcrokraten<\/span> Massenmedien genau an jenen Wochenenden unsch\u00f6ne Zahlen ver\u00f6ffentlichen, wenn viele Schweizer sich ein paar Tage Ruhe g\u00f6nnen? Doch, und ich gehe sogar so weit, dass Absicht dahinter steckt! Was wurde denn publiziert?<\/p>\n<blockquote><p><strong>Ansturm auf den Schweizer Pass<\/strong><\/p>\n<p><!-- \/headline --> <!-- lead --> <!-- \/lead --> <!-- fliesstext --><strong>Im Jahr 2008 wurden 45&#8217;000 Ausl\u00e4nder eingeb\u00fcrgert, so viele wie noch nie. Nicht genug: Die Zunahme geht 2009 weiter.<\/strong><br \/>\nNoch nie haben Schweizer Gemeinden so viele Ausl\u00e4nderinnen und Ausl\u00e4nder eingeb\u00fcrgert wie in den letzten Monaten, berichtet die SonntagsZeitung: \u00dcber 20&#8217;000 Personen, viele von ihnen aus L\u00e4ndern des Balkans, erhielten 2009 laut Hochrechnungen von Gemeinden und Kantonen das O.K. f\u00fcr den Schweizer Pass. Von Mai 2008 bis April 2009 stiegen die Einb\u00fcrgerungen im Vergleich zur selben Vorjahresperiode um <strong>14 Prozent<\/strong>. Damit setzt sich der Trend der letzten Jahre fort.<\/p>\n<p>[&#8230;]<\/p>\n<p><strong>Ein Viertel der neuen Schweizer kommt aus dem Kosovo<\/strong>. \u00abWir rechnen weiterhin mit Gesuchseing\u00e4ngen auf diesem Niveau\u00bb, sagt BFM-Sprecher Jonas Montani. Neben dem Kosovo kommen die Eingeb\u00fcrgerten vor allem aus <strong>Italien<\/strong>, <strong>Deutschland<\/strong> und der <strong>T\u00fcrkei<\/strong>. F\u00fcr die Linke ist dies \u00abeine positive Entwicklung, die der Realit\u00e4t Rechnung tr\u00e4gt\u00bb, wie SP-\u00adNationalrat und Gewerkschaftsbundpr\u00e4sident Paul Rechsteiner sagt.<\/p>\n<p>Quelle: <a href=\"http:\/\/www.20min.ch\/news\/schweiz\/story\/Ansturm-auf-den-Schweizer-Pass-25894441\">20min.ch<\/a><\/p><\/blockquote>\n<p>War da nicht mal ein Plakat, welches genau dies thematisierte? Ach ja&#8230;<\/p>\n<p><img loading=\"lazy\" decoding=\"async\" class=\"aligncenter\" title=\"Masseneinb\u00fcrgerungen\" src=\"http:\/\/www.svp.ch\/img1\/masseneinbuergerungen-dk.jpg\" alt=\"\" width=\"125\" height=\"177\" \/><\/p>\n<p>Dass die Linke daran Freude hat, ist klar. Die ehemalige Klientel wird sich sicher erkenntlich zeigen&#8230; Deutschland und Italien sind von der Kultur her uns bedeutend n\u00e4her. Aber die anderen L\u00e4nder?<\/p>\n<p>Besonders pikant ist aber &#8211; um wieder auf den Anfang zur\u00fcck zu kommen &#8211; dass die Zahlen an einem typischen Ferien-Sonntag publik gemacht werden. So verhallen sie sicher ungeh\u00f6rt. Die Aufregung braucht sich erst gar nicht zu legen, denn viele schlafen einfach weiter unter der Sonne.<\/p>\n<p>Erscheint es da aufgrund der sich abzeichnenden Lage nicht logisch, dass die SVP weiter an Stimmen zulegt? Wieso glauben dann so viele Politologen, dass sie den Zenit bereits \u00fcberschritten habe? Wir werden es sehen. Mein aktueller Tipp: Knapp 35% W\u00e4hleranteil.<\/p>\n","protected":false},"excerpt":{"rendered":"<p>Sollte es uns nicht nachdenklich stimmen, wenn unsere Regierung B\u00fcrokraten Massenmedien genau an jenen Wochenenden unsch\u00f6ne Zahlen ver\u00f6ffentlichen, wenn viele Schweizer sich ein paar Tage Ruhe g\u00f6nnen? Doch, und ich gehe sogar so weit, dass Absicht dahinter steckt! Was wurde &hellip; <a href=\"https:\/\/unbequemefragen.ch\/?p=548\">Continue reading <span class=\"meta-nav\">&rarr;<\/span><\/a><\/p>\n","protected":false},"author":3,"featured_media":0,"comment_status":"open","ping_status":"open","sticky":false,"template":"","format":"standard","meta":{"_jetpack_memberships_contains_paid_content":false,"footnotes":""},"categories":[6],"tags":[14,22,31,141,137,75,85,94,103],"class_list":["post-548","post","type-post","status-publish","format-standard","hentry","category-politik","tag-abstimmungen","tag-auslander","tag-deutschland","tag-medien","tag-politik","tag-presse","tag-schweiz","tag-sp","tag-svp"],"jetpack_featured_media_url":"","jetpack_sharing_enabled":true,"post_mailing_queue_ids":[],"_links":{"self":[{"href":"https:\/\/unbequemefragen.ch\/index.php?rest_route=\/wp\/v2\/posts\/548","targetHints":{"allow":["GET"]}}],"collection":[{"href":"https:\/\/unbequemefragen.ch\/index.php?rest_route=\/wp\/v2\/posts"}],"about":[{"href":"https:\/\/unbequemefragen.ch\/index.php?rest_route=\/wp\/v2\/types\/post"}],"author":[{"embeddable":true,"href":"https:\/\/unbequemefragen.ch\/index.php?rest_route=\/wp\/v2\/users\/3"}],"replies":[{"embeddable":true,"href":"https:\/\/unbequemefragen.ch\/index.php?rest_route=%2Fwp%2Fv2%2Fcomments&post=548"}],"version-history":[{"count":0,"href":"https:\/\/unbequemefragen.ch\/index.php?rest_route=\/wp\/v2\/posts\/548\/revisions"}],"wp:attachment":[{"href":"https:\/\/unbequemefragen.ch\/index.php?rest_route=%2Fwp%2Fv2%2Fmedia&parent=548"}],"wp:term":[{"taxonomy":"category","embeddable":true,"href":"https:\/\/unbequemefragen.ch\/index.php?rest_route=%2Fwp%2Fv2%2Fcategories&post=548"},{"taxonomy":"post_tag","embeddable":true,"href":"https:\/\/unbequemefragen.ch\/index.php?rest_route=%2Fwp%2Fv2%2Ftags&post=548"}],"curies":[{"name":"wp","href":"https:\/\/api.w.org\/{rel}","templated":true}]}}