{"id":545,"date":"2009-05-24T14:07:30","date_gmt":"2009-05-24T13:07:30","guid":{"rendered":"http:\/\/mmexm.wordpress.com\/?p=545"},"modified":"2009-05-24T14:07:30","modified_gmt":"2009-05-24T13:07:30","slug":"unterschiedliche-gleichheit","status":"publish","type":"post","link":"https:\/\/unbequemefragen.ch\/?p=545","title":{"rendered":"Unterschiedliche Gleichheit"},"content":{"rendered":"<p>Der Kanton Obwalden m\u00f6chte Stufe 3 in seiner Strategie zur Verbesserung der wirtschaftlichen Lage z\u00fcden. Nachdem der \u00f6ffentliche Haushalt in Ordnung gebracht, die Flattax eingef\u00fchrt (Stufe 1) und das Image aufpoliert wurde (Stufe 2) folgt jetzt die Anpassung der Wohnzonen. Das Gesetz soll so angepasst werden, dass &#8216;Zonen mit h\u00f6herer Lebensqualit\u00e4t&#8217; entstehen k\u00f6nnen. Da sollen sich besonders zahlungskr\u00e4ftige Personen niederlassen, Steuern zahlen und so den Wohlstand f\u00fcr alle heben.<\/p>\n<p>&#8220;Nicht mit uns!&#8221; schreien die Linken, die ihrerseits oft an den besten Lagen an der Z\u00fcrcher Goldk\u00fcste leben. Ihr bekanntes Argument: Ungerechtigkeit und Ungleichheit. Was ist davon zu halten? &#8211; NICHTS!<\/p>\n<p>Gerechtigkeit und Gleichheit beziehen sich auf die Rechte des Individuums und nicht dessen finanzieller Leistungsf\u00e4higkeit. Der Kauf von teuren Parzellen steht allen offen, niemand wird aufgrund seiner Einkommensverh\u00e4ltnisse durch das Gesetzt (!) schlechter behandelt.<\/p>\n<p>Worauf die Linken jedoch zielen sind die Ungleichheiten der finanziellen Leistungsf\u00e4higkeit &#8211; DEM Indikator f\u00fcr Erfolg in der Marktwirtschaft. Beide Dinge t\u00f6nen zwar im ersten Augenblick \u00e4hnlich, sind jedoch grundverschieden! Dass den Sozialisten, die seit jeher gegen die Marktwirtschaft k\u00e4mpfen, genau dies ein Dorn im Auge ist, vermag nicht zu \u00fcberraschen. Lassen wir uns also nicht beirren und unterst\u00fctzen wir die Obwaldner in ihrer Strategie! Weiter so, OW!<\/p>\n","protected":false},"excerpt":{"rendered":"<p>Der Kanton Obwalden m\u00f6chte Stufe 3 in seiner Strategie zur Verbesserung der wirtschaftlichen Lage z\u00fcden. Nachdem der \u00f6ffentliche Haushalt in Ordnung gebracht, die Flattax eingef\u00fchrt (Stufe 1) und das Image aufpoliert wurde (Stufe 2) folgt jetzt die Anpassung der Wohnzonen. &hellip; <a href=\"https:\/\/unbequemefragen.ch\/?p=545\">Continue reading <span class=\"meta-nav\">&rarr;<\/span><\/a><\/p>\n","protected":false},"author":3,"featured_media":0,"comment_status":"open","ping_status":"open","sticky":false,"template":"","format":"standard","meta":{"_jetpack_memberships_contains_paid_content":false,"footnotes":""},"categories":[6,8],"tags":[80,100,139],"class_list":["post-545","post","type-post","status-publish","format-standard","hentry","category-politik","category-wirtschaft","tag-reiche","tag-steuern","tag-wirtschaft"],"jetpack_featured_media_url":"","jetpack_sharing_enabled":true,"post_mailing_queue_ids":[],"_links":{"self":[{"href":"https:\/\/unbequemefragen.ch\/index.php?rest_route=\/wp\/v2\/posts\/545","targetHints":{"allow":["GET"]}}],"collection":[{"href":"https:\/\/unbequemefragen.ch\/index.php?rest_route=\/wp\/v2\/posts"}],"about":[{"href":"https:\/\/unbequemefragen.ch\/index.php?rest_route=\/wp\/v2\/types\/post"}],"author":[{"embeddable":true,"href":"https:\/\/unbequemefragen.ch\/index.php?rest_route=\/wp\/v2\/users\/3"}],"replies":[{"embeddable":true,"href":"https:\/\/unbequemefragen.ch\/index.php?rest_route=%2Fwp%2Fv2%2Fcomments&post=545"}],"version-history":[{"count":0,"href":"https:\/\/unbequemefragen.ch\/index.php?rest_route=\/wp\/v2\/posts\/545\/revisions"}],"wp:attachment":[{"href":"https:\/\/unbequemefragen.ch\/index.php?rest_route=%2Fwp%2Fv2%2Fmedia&parent=545"}],"wp:term":[{"taxonomy":"category","embeddable":true,"href":"https:\/\/unbequemefragen.ch\/index.php?rest_route=%2Fwp%2Fv2%2Fcategories&post=545"},{"taxonomy":"post_tag","embeddable":true,"href":"https:\/\/unbequemefragen.ch\/index.php?rest_route=%2Fwp%2Fv2%2Ftags&post=545"}],"curies":[{"name":"wp","href":"https:\/\/api.w.org\/{rel}","templated":true}]}}