{"id":54,"date":"2008-07-16T18:35:10","date_gmt":"2008-07-16T16:35:10","guid":{"rendered":"http:\/\/mmexm.wordpress.com\/?p=54"},"modified":"2008-07-16T18:35:10","modified_gmt":"2008-07-16T16:35:10","slug":"sommerloch-08-die-neuen-schlagzeilen","status":"publish","type":"post","link":"https:\/\/unbequemefragen.ch\/?p=54","title":{"rendered":"Sommerloch 08: Die neuen Schlagzeilen"},"content":{"rendered":"<p>Mittlerweile d\u00fcrte allen klar sein, womit im Sommer 2008 nach der Euro 08 die Massenpresse gef\u00fcllt wird: Die Schweizer Armee. Sie ist aber auch ein wirklich gutes Opfer und gibt ein wunderbares Ziel ab. Da l\u00e4uft immer etwas, sei es verlorene Munition, schiessende Sturmgewehre auf der Wache (ich habe selbst einen Soldaten in seiner RS 3x in die Einzelzelle wegen dieser Unachtsamkeit befohlen), dann die Luftwaffe auf der Kander bzw. dessen Chef aus der T\u00fcre und nun also das Eindreschen auf den Chef der Armee (CdA), Korpskommandant Roland Nef. Dazu muss selbst S\u00e4mi Schmid (BDP Bundesrat &#8211; ist er nun da schon eingetreten oder nicht???) ein paar Schl\u00e4ge einstecken. Die Kommunikationsexperten im VBS rennen wie H\u00fchner im Stall umher, die eben festgestellt haben, dass der Fuchs durch die offene T\u00fcre tritt und machen falsch was sie falsch machen k\u00f6nnen&#8230;<\/p>\n<p>Eben noch wurde der CdA vor wenigen Wochen in den h\u00f6chsten T\u00f6nen gelobt und nun wird er als &#8220;Stalker&#8221; betitelt. Von Respekt und Unschuldsvermutung keine Rede! Nef wurde von der Presse zum Abschuss freigegeben. Zusammen mit dem Angsthasen S\u00e4mi soll er die B\u00fchne verlassen, damit <span style=\"text-decoration:line-through;\">die <\/span><span style=\"text-decoration:line-through;\">Presse<\/span> der Blick danach folgende Schlagzeilen bringen kann:<\/p>\n<p>&#8220;Nef: Was er noch immer verschweigt&#8221;<\/p>\n<p>&#8220;Nefs Ex: Jetzt rede ICH!&#8221;<\/p>\n<p>&#8220;Nef schiesst zur\u00fcck&#8221;<\/p>\n<p>&#8220;Nef bricht ein &#8211; R\u00fccktritt!&#8221;<\/p>\n<p>&#8220;S\u00e4mi riet Nef zum R\u00fccktritt&#8221; (S\u00e4mi bleibt Bundesrat&#8230;)<\/p>\n<p>&#8220;F\u00fchrungslose Armee: Jetzt abschaffen?&#8221;<\/p>\n<p>&#8220;XY soll neuer CdA werden&#8221;<\/p>\n<p>&#8220;Die intimen Geheimnisse des neuen CdA&#8221;<\/p>\n<p>&#8230;<\/p>\n<p>Ich habe die Schnauze voll! Es kotzt mich richtig an, wie in der Schweizer Presse ohne R\u00fccksicht auf Pers\u00f6nlichkeitsrechte, Unschuldsvermutungen oder der echten Relevanz des Themas (gegen NULL) gegen Personen der \u00d6ffentlichkeit geschossen wird. Die Politker sind dabei auch keine Hilfe. Anstatt sich klar hinter den CdA zu stellen, zeigen sie mit ihren eigenen Fingern auf ihn und hetzen die Meute weiter auf.<\/p>\n<p><a href=\"http:\/\/www.offiziere.ch\/?p=391\">Kurt Imhof wird vorz\u00fcglich zitiert<\/a>: &#8220;Das Sommerloch macht aus M\u00fccken Elefanten. Alle schreiben dasselbe und voneinander ab [&#8230;] Die akute Krise des Finanzsektors m\u00fcsste uns mehr besch\u00e4ftigen.&#8221;<\/p>\n<p>Genau! Aber wer versteht schon, was in der grossen Welt abgeht? Da sind &#8220;Stalker&#8221; doch viel einfacher zu verkaufen. Seichte Ware f\u00fcr heisse Tage&#8230;<\/p>\n","protected":false},"excerpt":{"rendered":"<p>Mittlerweile d\u00fcrte allen klar sein, womit im Sommer 2008 nach der Euro 08 die Massenpresse gef\u00fcllt wird: Die Schweizer Armee. Sie ist aber auch ein wirklich gutes Opfer und gibt ein wunderbares Ziel ab. Da l\u00e4uft immer etwas, sei es &hellip; <a href=\"https:\/\/unbequemefragen.ch\/?p=54\">Continue reading <span class=\"meta-nav\">&rarr;<\/span><\/a><\/p>\n","protected":false},"author":3,"featured_media":0,"comment_status":"open","ping_status":"open","sticky":false,"template":"","format":"standard","meta":{"_jetpack_memberships_contains_paid_content":false,"footnotes":""},"categories":[1],"tags":[21,52,75,85],"class_list":["post-54","post","type-post","status-publish","format-standard","hentry","category-uncategorized","tag-armee","tag-kopfschuttel","tag-presse","tag-schweiz"],"jetpack_featured_media_url":"","jetpack_sharing_enabled":true,"post_mailing_queue_ids":[],"_links":{"self":[{"href":"https:\/\/unbequemefragen.ch\/index.php?rest_route=\/wp\/v2\/posts\/54","targetHints":{"allow":["GET"]}}],"collection":[{"href":"https:\/\/unbequemefragen.ch\/index.php?rest_route=\/wp\/v2\/posts"}],"about":[{"href":"https:\/\/unbequemefragen.ch\/index.php?rest_route=\/wp\/v2\/types\/post"}],"author":[{"embeddable":true,"href":"https:\/\/unbequemefragen.ch\/index.php?rest_route=\/wp\/v2\/users\/3"}],"replies":[{"embeddable":true,"href":"https:\/\/unbequemefragen.ch\/index.php?rest_route=%2Fwp%2Fv2%2Fcomments&post=54"}],"version-history":[{"count":0,"href":"https:\/\/unbequemefragen.ch\/index.php?rest_route=\/wp\/v2\/posts\/54\/revisions"}],"wp:attachment":[{"href":"https:\/\/unbequemefragen.ch\/index.php?rest_route=%2Fwp%2Fv2%2Fmedia&parent=54"}],"wp:term":[{"taxonomy":"category","embeddable":true,"href":"https:\/\/unbequemefragen.ch\/index.php?rest_route=%2Fwp%2Fv2%2Fcategories&post=54"},{"taxonomy":"post_tag","embeddable":true,"href":"https:\/\/unbequemefragen.ch\/index.php?rest_route=%2Fwp%2Fv2%2Ftags&post=54"}],"curies":[{"name":"wp","href":"https:\/\/api.w.org\/{rel}","templated":true}]}}