{"id":497,"date":"2009-05-03T09:44:26","date_gmt":"2009-05-03T08:44:26","guid":{"rendered":"http:\/\/mmexm.wordpress.com\/?p=497"},"modified":"2009-05-03T09:44:26","modified_gmt":"2009-05-03T08:44:26","slug":"aus-den-fugen-geraten","status":"publish","type":"post","link":"https:\/\/unbequemefragen.ch\/?p=497","title":{"rendered":"Aus den Fugen geraten"},"content":{"rendered":"<p>Wo bleiben da die Relationen? Heute habe ich auf <a href=\"http:\/\/www.nzz.ch\/nachrichten\/schweiz\/praemienverbilligung_erstmals_gleich_teuer_wie_die_armee_1.2491026.html\">NZZ Online<\/a> diesen Artikel gefunden<\/p>\n<blockquote><p>Die Ausgaben f\u00fcr die staatliche Pr\u00e4mienverbilligung steigen auf vier Milliarden Franken. <strong>F\u00fcnf Kantone <\/strong>[Uri, Nidwalden, Thurgau, Genf, Jura] <strong>subventionieren mehr als die H\u00e4lfte aller Haushalte<\/strong>. 2010 gibt der Schweizer Staat f\u00fcr Beitr\u00e4ge an die Krankenkassenpr\u00e4mien erstmals gegen 4 Milliarden Franken aus \u2013 gleich viel wie f\u00fcr die Armee.<\/p><\/blockquote>\n<p>Korrekt konstatiert die NZZ:<\/p>\n<blockquote><p>Die Pr\u00e4mienverbilligung entwickelt sich zu einer der teuersten Staatsausgaben \u00fcberhaupt \u2013 und dies, ohne dass die \u00d6ffentlichkeit dies realisiert.<\/p><\/blockquote>\n<p>Man kann noch so die Meinung vertreten, dass die Pr\u00e4mienverbilligungen f\u00fcr die armen in diesem Land sind, wenn &#8220;2007 schweizweit 39 Prozent der Haushalte in den Genuss von Pr\u00e4mienverbilligungen&#8221; kamen, stimmt etwas am System nicht mehr. Offenbar merken das die ersten Politiker:<\/p>\n<blockquote><p>Wenn immer mehr B\u00fcrger das Gesundheitssystem kaum mehr mitfinanzieren, h\u00e4tten sie auch kein Interesse an Einsparungen, sagt Gutzwiller. \u00abIm Gegenzug zahlt daf\u00fcr der Mittelstand via Steuern immer mehr.\u00bb<\/p><\/blockquote>\n<p>Damit w\u00e4ren wir beim Kernproblem des Krankenversicherungsgesetzes, welches Anfang der 90er-Jahr vom Volk leider gutgeheissen wurde (ohne meine Stimme): Der Staat hat das Risiko vom Pr\u00e4mienzahler hin zur Allgemeinheit verschoben. Es fehlt der Anreiz, f\u00fcr seine Gesundheit zu sorgen, wenig Leistungen zu beanspruchen (&#8220;Komplement\u00e4rmedizin&#8221;!!!) und daf\u00fcr im Gegensatz tiefere Geb\u00fchren zu bezahlen.<\/p>\n<p>Hier sehe ich grosse Parallelen zum US-Hypothekenmarkt: Auch da hat der Staat die grunds\u00e4tzlichen Spielregeln ver\u00e4ndert und damit eine Katastrophe ausgel\u00f6st. Ob wir rechtzeitig handeln?<\/p>\n<p>Die einzige L\u00f6sung, die das Problem wirklich beseitigt ist die R\u00fcckkehr zum alten Modell!<\/p>\n","protected":false},"excerpt":{"rendered":"<p>Wo bleiben da die Relationen? Heute habe ich auf NZZ Online diesen Artikel gefunden Die Ausgaben f\u00fcr die staatliche Pr\u00e4mienverbilligung steigen auf vier Milliarden Franken. F\u00fcnf Kantone [Uri, Nidwalden, Thurgau, Genf, Jura] subventionieren mehr als die H\u00e4lfte aller Haushalte. 2010 &hellip; <a href=\"https:\/\/unbequemefragen.ch\/?p=497\">Continue reading <span class=\"meta-nav\">&rarr;<\/span><\/a><\/p>\n","protected":false},"author":3,"featured_media":0,"comment_status":"open","ping_status":"open","sticky":false,"template":"","format":"standard","meta":{"_jetpack_memberships_contains_paid_content":false,"footnotes":""},"categories":[6,8],"tags":[38,137,85,91,142],"class_list":["post-497","post","type-post","status-publish","format-standard","hentry","category-politik","category-wirtschaft","tag-finanzen","tag-politik","tag-schweiz","tag-sozialausgaben","tag-staat"],"jetpack_featured_media_url":"","jetpack_sharing_enabled":true,"post_mailing_queue_ids":[],"_links":{"self":[{"href":"https:\/\/unbequemefragen.ch\/index.php?rest_route=\/wp\/v2\/posts\/497","targetHints":{"allow":["GET"]}}],"collection":[{"href":"https:\/\/unbequemefragen.ch\/index.php?rest_route=\/wp\/v2\/posts"}],"about":[{"href":"https:\/\/unbequemefragen.ch\/index.php?rest_route=\/wp\/v2\/types\/post"}],"author":[{"embeddable":true,"href":"https:\/\/unbequemefragen.ch\/index.php?rest_route=\/wp\/v2\/users\/3"}],"replies":[{"embeddable":true,"href":"https:\/\/unbequemefragen.ch\/index.php?rest_route=%2Fwp%2Fv2%2Fcomments&post=497"}],"version-history":[{"count":0,"href":"https:\/\/unbequemefragen.ch\/index.php?rest_route=\/wp\/v2\/posts\/497\/revisions"}],"wp:attachment":[{"href":"https:\/\/unbequemefragen.ch\/index.php?rest_route=%2Fwp%2Fv2%2Fmedia&parent=497"}],"wp:term":[{"taxonomy":"category","embeddable":true,"href":"https:\/\/unbequemefragen.ch\/index.php?rest_route=%2Fwp%2Fv2%2Fcategories&post=497"},{"taxonomy":"post_tag","embeddable":true,"href":"https:\/\/unbequemefragen.ch\/index.php?rest_route=%2Fwp%2Fv2%2Ftags&post=497"}],"curies":[{"name":"wp","href":"https:\/\/api.w.org\/{rel}","templated":true}]}}