{"id":48,"date":"2008-07-05T16:14:14","date_gmt":"2008-07-05T14:14:14","guid":{"rendered":"http:\/\/mmexm.wordpress.com\/?p=48"},"modified":"2008-07-05T16:14:14","modified_gmt":"2008-07-05T14:14:14","slug":"keynes-und-das-atom","status":"publish","type":"post","link":"https:\/\/unbequemefragen.ch\/?p=48","title":{"rendered":"Keynes und das Atom"},"content":{"rendered":"<p>In der Arena von gestern Abend prallten einmal mehr linke <span style=\"text-decoration:line-through;\">Idiotien<\/span> Ideologien auf Realismus. Mit einer Vehemenz sondergleichen versuchten die linken Exponenten die Kernenergie in die Ecke zu treiben: Dass das Abfallproblem nicht gel\u00f6st sei, war nur eines der Argumente (es wurde jedoch vom Experten vor Ort klar widerlegt). Schliesslich gab man sich mit Tr\u00e4umereien von Energieeffizienz und damit Einsparungen von \u00fcber 50% ab.<\/p>\n<p>Ich frage mich: Wenn diese Effizienz so wahnsinnig durchschlagend ist, wieso machen wir es denn nicht automatisch? Sind die Anreize etwa schwach?<\/p>\n<p>Und wieso muss die Politik aktiv werden? Versagt etwa der Markt? Wobei: Ob bei einem Marktversagen die Politik wirklich die bessere L\u00f6sung bringt, wage ich zu bezweifeln!<\/p>\n<p>Wieso wollen die Linken die KKW abschalten? Mir scheint, die L\u00f6sung findet sich im guten alten Oekonomen Keynes wieder, der die Stimulation der Nachfrage predigte: Stellt man die KKW ab, M\u00dcSSEN sich die Endkunden nach neuen Quellen umsehen. Es folgt eine fundamentale \u00c4nderung der Nachfragesituation &#8211; eine Stimulation durch die Endkunden.<\/p>\n<p>Das ist alles andere als Freiheit. Schliesslich reagieren die Kunden nicht auf l\u00e4ngerfristige Ver\u00e4nderungen aus rein nat\u00fcrlichen Gegebenheiten, sondern sind von einem gravierenden Entscheid der Politik in die Enge getrieben worden. Vergleichbar ist dies mit dem Entscheid, dass Fahrzeuge nicht mehr mit Benzin laufen d\u00fcrfen, obschon ein funktionierender Markt f\u00fcr diesen Treibstoff da ist.<\/p>\n<p>Wieso \u00fcberlassen uns die Linken nicht einfach den Kr\u00e4ften des Marktes, von Angebot und Nachfrage? Wenn die Kernenergie so viel teurer ist als die Energie aus Windr\u00e4dern und Photovoltaikanlagen, dann m\u00fcssten die Kunden doch automatisch fr\u00fcher oder sp\u00e4ter auf diese Technologie umschwenken?!<\/p>\n<p>Kurzum: Es geht einmal mehr um linke Ideologie. Und dies ist bekanntlich ein schlechter Ratgeber, wie man an den unz\u00e4hligen Beispielen aus dem ehemaligen Ostblock, Kuba oder Nord-Korea sehen konnte.<\/p>\n","protected":false},"excerpt":{"rendered":"<p>In der Arena von gestern Abend prallten einmal mehr linke Idiotien Ideologien auf Realismus. Mit einer Vehemenz sondergleichen versuchten die linken Exponenten die Kernenergie in die Ecke zu treiben: Dass das Abfallproblem nicht gel\u00f6st sei, war nur eines der Argumente &hellip; <a href=\"https:\/\/unbequemefragen.ch\/?p=48\">Continue reading <span class=\"meta-nav\">&rarr;<\/span><\/a><\/p>\n","protected":false},"author":3,"featured_media":0,"comment_status":"open","ping_status":"open","sticky":false,"template":"","format":"standard","meta":{"_jetpack_memberships_contains_paid_content":false,"footnotes":""},"categories":[1],"tags":[34,137,85],"class_list":["post-48","post","type-post","status-publish","format-standard","hentry","category-uncategorized","tag-energie","tag-politik","tag-schweiz"],"jetpack_featured_media_url":"","jetpack_sharing_enabled":true,"post_mailing_queue_ids":[],"_links":{"self":[{"href":"https:\/\/unbequemefragen.ch\/index.php?rest_route=\/wp\/v2\/posts\/48","targetHints":{"allow":["GET"]}}],"collection":[{"href":"https:\/\/unbequemefragen.ch\/index.php?rest_route=\/wp\/v2\/posts"}],"about":[{"href":"https:\/\/unbequemefragen.ch\/index.php?rest_route=\/wp\/v2\/types\/post"}],"author":[{"embeddable":true,"href":"https:\/\/unbequemefragen.ch\/index.php?rest_route=\/wp\/v2\/users\/3"}],"replies":[{"embeddable":true,"href":"https:\/\/unbequemefragen.ch\/index.php?rest_route=%2Fwp%2Fv2%2Fcomments&post=48"}],"version-history":[{"count":0,"href":"https:\/\/unbequemefragen.ch\/index.php?rest_route=\/wp\/v2\/posts\/48\/revisions"}],"wp:attachment":[{"href":"https:\/\/unbequemefragen.ch\/index.php?rest_route=%2Fwp%2Fv2%2Fmedia&parent=48"}],"wp:term":[{"taxonomy":"category","embeddable":true,"href":"https:\/\/unbequemefragen.ch\/index.php?rest_route=%2Fwp%2Fv2%2Fcategories&post=48"},{"taxonomy":"post_tag","embeddable":true,"href":"https:\/\/unbequemefragen.ch\/index.php?rest_route=%2Fwp%2Fv2%2Ftags&post=48"}],"curies":[{"name":"wp","href":"https:\/\/api.w.org\/{rel}","templated":true}]}}