{"id":474,"date":"2009-03-29T00:25:32","date_gmt":"2009-03-28T23:25:32","guid":{"rendered":"http:\/\/mmexm.wordpress.com\/?p=474"},"modified":"2009-03-29T00:25:32","modified_gmt":"2009-03-28T23:25:32","slug":"horst-kohler-auf-dem-irrweg","status":"publish","type":"post","link":"https:\/\/unbequemefragen.ch\/?p=474","title":{"rendered":"Horst K\u00f6hler auf dem Irrweg"},"content":{"rendered":"<p>Im <a href=\"http:\/\/mmexm.wordpress.com\/2008\/06\/17\/horst-kohler-lebe-hoch\/\">letzten Jahr<\/a> habe ich den deutschen Bundespr\u00e4sidenten Horst K\u00f6hler noch \u00fcberschw\u00e4nglich gelobt. Dieses Jahr sieht nicht nur die Situation an den B\u00f6rsen und dem Arbeitsmarkt schlechter aus, es sind auch Wahlen angesagt in Deutschland. Kaum verwunderlich deshalb, dass Horst K\u00f6hler in seiner &#8220;<a href=\"http:\/\/www.bundespraesident.de\/-,2.653300\/Berliner-Rede-2009-von-Bundesp.htm\">Berliner Rede 2009<\/a>&#8221; den Spagat versucht und sich dabei m\u00e4chtig widerspricht. Hier ein &#8220;Worst of&#8221;:<\/p>\n<blockquote><p><em>Wir erleben das Ergebnis fehlender Transparenz, Laxheit, unzureichender Aufsicht und von Risikoentscheidungen ohne pers\u00f6nliche Haftung. Wir erleben das Ergebnis von Freiheit ohne Verantwortung.<\/em><\/p><\/blockquote>\n<p>Ja was jetzt nun? Mehr Verantwortung und gleichzeitig st\u00e4rkere Aufsicht widersprechen sich doch fundamental. Entweder der Staat schaut auf meine Risiken oder ich trage die Verantwortung&#8230; Laxheit: Sehr wohl &#8211; aber v.a. bei den Aufsichtsbeh\u00f6rden, die stets zu sp\u00e4t kommen.<\/p>\n<blockquote><p><em>Jetzt erleben wir, dass es der Markt allein nicht richtet.<\/em><\/p><\/blockquote>\n<p>Na, was macht denn der Markt aktuell? Er baut jenen Alkohol ab, der zuvor an der grossen Party gesoffen wurde. Der Markt funktioniert hervorragend! Die Rezession ist die L\u00f6sung, nicht das Problem! Das Problem war der Boom, der dank zu grosser Liquidit\u00e4t (!) \u00fcberschoss. Hier fehlen K\u00f6hler die fundamentalen Grundlagen der Oekonomie.<\/p>\n<blockquote><p><em>Freiheit ist ein Gut, das stark macht. Aber es darf nicht zum Recht des St\u00e4rkeren werden.<\/em><\/p><\/blockquote>\n<p>Das ist aber Marktwirtschaft. Wer st\u00e4rker und gr\u00f6sser ist, kann die Preise zu seinen Gunsten beeinflussen, schafft Effizienz und Gewinn, investiert und schafft Arbeitspl\u00e4tze&#8230; Was ist daran falsch?<\/p>\n<blockquote><p><em>Was zum Beispiel Barack Obama f\u00fcr die Wirtschaft und Gesellschaft der Vereinigten Staaten anstrebt, das \u00e4hnelt in Grundz\u00fcgen unserem Modell der Sozialen Marktwirtschaft.<\/em><\/p><\/blockquote>\n<p>Ich bin gespannt, was K\u00f6hler sagt, wenn er sieht, wohin die Reise mit Obama geht. Dann wird er wohl kaum mehr einen Vergleich machen wollen. Aber wie gesagt: Es ist Wahljahr und da tut ein Vergleich mit einem Polit-Star der eigenen Partei gut.<\/p>\n<blockquote><p><em>Unmittelbar gilt es, den Geldkreislauf wieder in Gang zu bringen.<\/em><\/p><\/blockquote>\n<p>Das Problem ist nicht Liquidit\u00e4t, sondern Solvenz (siehe Anlagekommentar Nr 262 von der <a href=\"http:\/\/www.wegelin.ch\/pub\/commentary.asp\">Bank Wegelin<\/a>).<\/p>\n<blockquote><p><em>Die internationalen Finanzm\u00e4rkte brauchen eine neue Ordnung durch bessere Regeln, effektive Aufsicht und wirksame Haftung. <\/em><\/p><\/blockquote>\n<p>Die wirksamste und gleichzeitig g\u00fcnstigste Haftung gibt es nur in der Marktwirtschaft. Es braucht keine besseren Regeln und schon gar nicht mehr Staat oder Aufsichtsorgane (siehe oben).<\/p>\n<blockquote><p><em>Die Konjunkturprogramme schaffen Nachfrage und helfen den Betrieben, durch die Krise zu kommen. Die staatlichen Hilfen f\u00fcr Banken und Betriebe kosten viel Geld. Daf\u00fcr muss jetzt auch eine h\u00f6here Staatsverschuldung in Kauf genommen werden. Aber sie ist nur zu rechtfertigen, wenn das Geld klug eingesetzt wird.<\/em><\/p><\/blockquote>\n<p>1) Nachfrage l\u00e4sst sich nicht k\u00fcnstlich erschaffen &#8211; Keynes hat NIE funktioniert! 2) Noch eine h\u00f6here Staatsverschuldung??? 3) Seit wann setzt der Staat sein Geld klug ein? Wenn dem so sein sollte, m\u00fcssten gar keine Staatsdefizite und Staatsschulden vorhanden sein, weil er ja nachhaltige Nachfrage generiert und so mehr Steuereinnahmen erh\u00e4lt. Damit liesse sich die Schuld abtragen. Doch die Verschuldung w\u00e4chst!<\/p>\n<blockquote><p><em>Die globale Krise verlangt eine globale Antwort.<\/em><\/p><\/blockquote>\n<p>Lernen wir nicht: Denke global, handle lokal? Heisst eine &#8220;globale Antwort&#8221; wohl einfach &#8220;unglaublich viel Geld&#8221;?<\/p>\n<blockquote><p><em>Darum verpflichten wir uns schon jetzt verbindlich, die Staatsschulden wieder zur\u00fcckzuf\u00fchren, sobald die Krise \u00fcberstanden ist.<\/em><\/p><\/blockquote>\n<p>Die Worte h\u00f6re ich wohl, allein mir fehlt der Glaube! Wann hat das Land in den letzten Jahrzehnten einmal in einer Hochkonjunktur wirklich Schulden massiv abgebaut? <a href=\"http:\/\/de.wikipedia.org\/wiki\/Haushaltsplan\">Aktuelle Zahlen hier<\/a>.<\/p>\n<blockquote><p><em>Freiheit gewinnen durch B\u00fcndelung von <a href=\"http:\/\/de.wikipedia.org\/wiki\/Souver%C3%A4nit%C3%A4t\">Souver\u00e4nit\u00e4t<\/a>.<\/em><\/p><\/blockquote>\n<p>T\u00f6nt wahnsinnig gut &#8211; aber was heisst es? Souver\u00e4nit\u00e4t = Selbstbestimmung. Geb\u00fcndelte Selbstbestimmung ist demnach&#8230; mehr Freiheit??? Sorry, f\u00fcr diesen Purzelbaum bin ich zu doof.<\/p>\n<blockquote><p><em>Wir wollen gemeinsam beschlie\u00dfen, nicht mehr auf Kosten anderer zu leben.<\/em><\/p><\/blockquote>\n<p>Super! Ein toller Vorsatz! Zu dumm nur, dass Deutschland durch die immense Schuld von fast EUR <span style=\"text-decoration:line-through;\">1 Bio.<\/span> 1&#8217;000&#8217;000 Millionen auf Kosten der zuk\u00fcnftigen Generation lebt!<\/p>\n<blockquote><p><em>Warum haben wir die Pflege alter Menschen zu Hause oder die Versorgung kleiner Kinder so lange in die Schwarzarbeit gedr\u00e4ngt?<\/em><\/p><\/blockquote>\n<p>Wie bitte??? Was die Mutter zuhause tut, ist Schwarzarbeit? Gohts no?<\/p>\n<p>Ob derart viel Schwachsinn kann ich nur den Kopf sch\u00fctteln und allen eine Gute Nacht w\u00fcnschen &#8211; insbesondere in Deutschland&#8230;<\/p>\n","protected":false},"excerpt":{"rendered":"<p>Im letzten Jahr habe ich den deutschen Bundespr\u00e4sidenten Horst K\u00f6hler noch \u00fcberschw\u00e4nglich gelobt. Dieses Jahr sieht nicht nur die Situation an den B\u00f6rsen und dem Arbeitsmarkt schlechter aus, es sind auch Wahlen angesagt in Deutschland. Kaum verwunderlich deshalb, dass Horst &hellip; <a href=\"https:\/\/unbequemefragen.ch\/?p=474\">Continue reading <span class=\"meta-nav\">&rarr;<\/span><\/a><\/p>\n","protected":false},"author":3,"featured_media":0,"comment_status":"open","ping_status":"open","sticky":false,"template":"","format":"standard","meta":{"_jetpack_memberships_contains_paid_content":false,"footnotes":""},"categories":[6,8],"tags":[31,38,52,137,84,142,115],"class_list":["post-474","post","type-post","status-publish","format-standard","hentry","category-politik","category-wirtschaft","tag-deutschland","tag-finanzen","tag-kopfschuttel","tag-politik","tag-schulden","tag-staat","tag-zukunft"],"jetpack_featured_media_url":"","jetpack_sharing_enabled":true,"post_mailing_queue_ids":[],"_links":{"self":[{"href":"https:\/\/unbequemefragen.ch\/index.php?rest_route=\/wp\/v2\/posts\/474","targetHints":{"allow":["GET"]}}],"collection":[{"href":"https:\/\/unbequemefragen.ch\/index.php?rest_route=\/wp\/v2\/posts"}],"about":[{"href":"https:\/\/unbequemefragen.ch\/index.php?rest_route=\/wp\/v2\/types\/post"}],"author":[{"embeddable":true,"href":"https:\/\/unbequemefragen.ch\/index.php?rest_route=\/wp\/v2\/users\/3"}],"replies":[{"embeddable":true,"href":"https:\/\/unbequemefragen.ch\/index.php?rest_route=%2Fwp%2Fv2%2Fcomments&post=474"}],"version-history":[{"count":0,"href":"https:\/\/unbequemefragen.ch\/index.php?rest_route=\/wp\/v2\/posts\/474\/revisions"}],"wp:attachment":[{"href":"https:\/\/unbequemefragen.ch\/index.php?rest_route=%2Fwp%2Fv2%2Fmedia&parent=474"}],"wp:term":[{"taxonomy":"category","embeddable":true,"href":"https:\/\/unbequemefragen.ch\/index.php?rest_route=%2Fwp%2Fv2%2Fcategories&post=474"},{"taxonomy":"post_tag","embeddable":true,"href":"https:\/\/unbequemefragen.ch\/index.php?rest_route=%2Fwp%2Fv2%2Ftags&post=474"}],"curies":[{"name":"wp","href":"https:\/\/api.w.org\/{rel}","templated":true}]}}