{"id":400,"date":"2009-02-13T00:11:14","date_gmt":"2009-02-12T23:11:14","guid":{"rendered":"http:\/\/mmexm.wordpress.com\/?p=400"},"modified":"2009-02-13T00:11:14","modified_gmt":"2009-02-12T23:11:14","slug":"gefahr-im-anzug","status":"publish","type":"post","link":"https:\/\/unbequemefragen.ch\/?p=400","title":{"rendered":"Gefahr im Anzug"},"content":{"rendered":"<blockquote><p>Die US-Geheimdienste halten die globale Wirtschaftskrise gegenw\u00e4rtig f\u00fcr die gr\u00f6\u00dfte Gef\u00e4hrdung der Sicherheit ihres Landes. Sollte die Krise noch &#8220;ein bis zwei Jahre&#8221; anhalten, w\u00e4re in einigen L\u00e4ndern die politische Ordnung gef\u00e4hrdet, hei\u00dft es in dem am Donnerstag vom neuen US-Geheimdienstkoordinator Dennis Blair vorgelegten Jahresbericht an den Kongress in Washington. Diese Gefahr der Instabilit\u00e4t bestehe vor allem in L\u00e4ndern der fr\u00fcheren Sowjetunion, Afrikas und Lateinamerikas, die nicht ausreichend f\u00fcr die Bew\u00e4ltigung der Krise ger\u00fcstet seien.<\/p>\n<p>Quelle: <a href=\"http:\/\/www.spiegel.de\/politik\/ausland\/0,1518,607317,00.html\">Spiegel Online<\/a><\/p><\/blockquote>\n<p>Darf ich noch ein Land anf\u00fcgen, welches nicht &#8220;ausreichend f\u00fcr die Bew\u00e4ltigung der Krise ger\u00fcstet&#8221; ist? Ja?<\/p>\n<p>Die <strong>USA<\/strong>.<\/p>\n<p>Uns wissen Sie wieso? Weil die guten Amis nicht sehen, wie tief sie bereits in der Kacke stecken! Alle hoffen auf das Wunder von Obama und seinen neuen Mannen, auf Ben Bernanke mit seiner Notenpresse und den vielen Analysten, von denen so viele falsch lagen in den letzten Jahren. Alle sind sie blind &#8211; v\u00f6llig blind! Keiner von diesen hochbezahlten money-guys hat das Desaster vorausgesehen, aber JETZT wissen sie, wie man da raus kommt&#8230;<\/p>\n<p>Die L\u00f6sung eines Problems beginnt mit der korrekten Problemerfassung &#8211; bei den Amis fehlt sie. Goodbye America!<\/p>\n","protected":false},"excerpt":{"rendered":"<p>Die US-Geheimdienste halten die globale Wirtschaftskrise gegenw\u00e4rtig f\u00fcr die gr\u00f6\u00dfte Gef\u00e4hrdung der Sicherheit ihres Landes. Sollte die Krise noch &#8220;ein bis zwei Jahre&#8221; anhalten, w\u00e4re in einigen L\u00e4ndern die politische Ordnung gef\u00e4hrdet, hei\u00dft es in dem am Donnerstag vom neuen &hellip; <a href=\"https:\/\/unbequemefragen.ch\/?p=400\">Continue reading <span class=\"meta-nav\">&rarr;<\/span><\/a><\/p>\n","protected":false},"author":3,"featured_media":0,"comment_status":"open","ping_status":"open","sticky":false,"template":"","format":"standard","meta":{"_jetpack_memberships_contains_paid_content":false,"footnotes":""},"categories":[6],"tags":[55,137,89,92,142,107,139,115],"class_list":["post-400","post","type-post","status-publish","format-standard","hentry","category-politik","tag-krise","tag-politik","tag-sicherheit","tag-sozialismus","tag-staat","tag-usa","tag-wirtschaft","tag-zukunft"],"jetpack_featured_media_url":"","jetpack_sharing_enabled":true,"post_mailing_queue_ids":[],"_links":{"self":[{"href":"https:\/\/unbequemefragen.ch\/index.php?rest_route=\/wp\/v2\/posts\/400","targetHints":{"allow":["GET"]}}],"collection":[{"href":"https:\/\/unbequemefragen.ch\/index.php?rest_route=\/wp\/v2\/posts"}],"about":[{"href":"https:\/\/unbequemefragen.ch\/index.php?rest_route=\/wp\/v2\/types\/post"}],"author":[{"embeddable":true,"href":"https:\/\/unbequemefragen.ch\/index.php?rest_route=\/wp\/v2\/users\/3"}],"replies":[{"embeddable":true,"href":"https:\/\/unbequemefragen.ch\/index.php?rest_route=%2Fwp%2Fv2%2Fcomments&post=400"}],"version-history":[{"count":0,"href":"https:\/\/unbequemefragen.ch\/index.php?rest_route=\/wp\/v2\/posts\/400\/revisions"}],"wp:attachment":[{"href":"https:\/\/unbequemefragen.ch\/index.php?rest_route=%2Fwp%2Fv2%2Fmedia&parent=400"}],"wp:term":[{"taxonomy":"category","embeddable":true,"href":"https:\/\/unbequemefragen.ch\/index.php?rest_route=%2Fwp%2Fv2%2Fcategories&post=400"},{"taxonomy":"post_tag","embeddable":true,"href":"https:\/\/unbequemefragen.ch\/index.php?rest_route=%2Fwp%2Fv2%2Ftags&post=400"}],"curies":[{"name":"wp","href":"https:\/\/api.w.org\/{rel}","templated":true}]}}