{"id":391,"date":"2009-02-10T18:48:29","date_gmt":"2009-02-10T17:48:29","guid":{"rendered":"http:\/\/mmexm.wordpress.com\/?p=391"},"modified":"2009-02-10T18:48:29","modified_gmt":"2009-02-10T17:48:29","slug":"intel-ligenter-move","status":"publish","type":"post","link":"https:\/\/unbequemefragen.ch\/?p=391","title":{"rendered":"Intel-ligenter Move!"},"content":{"rendered":"<p>Hier kommen die Investitionen, die Amerika (dringend) braucht:<\/p>\n<p><a href=\"http:\/\/www.intel.com\"><img loading=\"lazy\" decoding=\"async\" class=\"size-full wp-image-392 alignleft\" title=\"intlogo\" src=\"http:\/\/mmexm.files.wordpress.com\/2009\/02\/intlogo.gif\" alt=\"Intel\" width=\"127\" height=\"51\" \/><\/a>Intel investiert USD 7 Mia. in drei neue &#8216;Fabs&#8217; (Fabriken) in den USA. 7&#8217;000 Arbeitspl\u00e4tze werden geschaffen &#8211; Super! (Quelle. <a href=\"http:\/\/www.cnbc.com\/id\/29120782\">CNBC<\/a>)<\/p>\n<p>Einmal mehr beweisen die cleveren F\u00fchrungsleute von Intel, dass sie <strong>antizyklisch Handeln<\/strong> k\u00f6nnen. Anstatt in der Hochkonjunktur \u00fcberzahlte Preise f\u00fcr Land, den Bau und die Ausr\u00fcstung zu zahlen, k\u00f6nnen sie nun alles viel g\u00fcnstiger beziehen. Das tut Intel \u00fcbrigens schon lange so&#8230;<\/p>\n<p><strong>Gen\u00fcgend qualifiziertes Personal<\/strong> d\u00fcrfte Intel zudem schnell finden. Aktuell werden die Arbeitnehmer ja masenweise auf die Strasse gestellt. Auch hier werden die Lohnforderungen nicht \u00fcberrissen ausfallen. Der &#8216;Return on Investment&#8217; (mit j\u00e4hrlichen Bruttomargen zwischen 50-60%) ist auf jeden Fall gegeben.<\/p>\n<p>Ein weiterer Punkt spricht f\u00fcr das Unternehmen: Mit einem st\u00e4ndig sich abschw\u00e4chenden US-Dollar werden die <strong>Produkte im Ausland billiger<\/strong>. Intel kann die Preise deshalb erh\u00f6hen. Die Konkurrenz in anderen L\u00e4ndern hat einen entscheidenden Nachteil. Zudem fallen die Kosten in USD an. Rechne!<\/p>\n<p>Zu guter Letzt bringt es auch dem Staat neue Einnahmen in Form von Steuern beim Unternehmen und den Angestellten. <strong>Diese Ertr\u00e4ge sprudeln nicht nur 1x (wie wenn etwa Strassen oder Br\u00fccken saniert werden), sondern f\u00fcr die n\u00e4chsten Jahre<\/strong>. Die Nachhaltigkeit des Investments ist gegeben.<\/p>\n<p>Und wie viel hat der Staat dazu beigetragen? Im Grunde genommen nur etwas: Die aktuelle Krise. Thank you, Washington!<\/p>\n","protected":false},"excerpt":{"rendered":"<p>Hier kommen die Investitionen, die Amerika (dringend) braucht: Intel investiert USD 7 Mia. in drei neue &#8216;Fabs&#8217; (Fabriken) in den USA. 7&#8217;000 Arbeitspl\u00e4tze werden geschaffen &#8211; Super! (Quelle. CNBC) Einmal mehr beweisen die cleveren F\u00fchrungsleute von Intel, dass sie antizyklisch &hellip; <a href=\"https:\/\/unbequemefragen.ch\/?p=391\">Continue reading <span class=\"meta-nav\">&rarr;<\/span><\/a><\/p>\n","protected":false},"author":3,"featured_media":0,"comment_status":"open","ping_status":"open","sticky":false,"template":"","format":"standard","meta":{"_jetpack_memberships_contains_paid_content":false,"footnotes":""},"categories":[7],"tags":[18,38,55,138,107,139,115],"class_list":["post-391","post","type-post","status-publish","format-standard","hentry","category-technologie","tag-anlegerweisheiten","tag-finanzen","tag-krise","tag-technologie","tag-usa","tag-wirtschaft","tag-zukunft"],"jetpack_featured_media_url":"","jetpack_sharing_enabled":true,"post_mailing_queue_ids":[],"_links":{"self":[{"href":"https:\/\/unbequemefragen.ch\/index.php?rest_route=\/wp\/v2\/posts\/391","targetHints":{"allow":["GET"]}}],"collection":[{"href":"https:\/\/unbequemefragen.ch\/index.php?rest_route=\/wp\/v2\/posts"}],"about":[{"href":"https:\/\/unbequemefragen.ch\/index.php?rest_route=\/wp\/v2\/types\/post"}],"author":[{"embeddable":true,"href":"https:\/\/unbequemefragen.ch\/index.php?rest_route=\/wp\/v2\/users\/3"}],"replies":[{"embeddable":true,"href":"https:\/\/unbequemefragen.ch\/index.php?rest_route=%2Fwp%2Fv2%2Fcomments&post=391"}],"version-history":[{"count":0,"href":"https:\/\/unbequemefragen.ch\/index.php?rest_route=\/wp\/v2\/posts\/391\/revisions"}],"wp:attachment":[{"href":"https:\/\/unbequemefragen.ch\/index.php?rest_route=%2Fwp%2Fv2%2Fmedia&parent=391"}],"wp:term":[{"taxonomy":"category","embeddable":true,"href":"https:\/\/unbequemefragen.ch\/index.php?rest_route=%2Fwp%2Fv2%2Fcategories&post=391"},{"taxonomy":"post_tag","embeddable":true,"href":"https:\/\/unbequemefragen.ch\/index.php?rest_route=%2Fwp%2Fv2%2Ftags&post=391"}],"curies":[{"name":"wp","href":"https:\/\/api.w.org\/{rel}","templated":true}]}}