{"id":34,"date":"2008-06-11T23:52:02","date_gmt":"2008-06-11T21:52:02","guid":{"rendered":"http:\/\/mmexm.wordpress.com\/?p=34"},"modified":"2008-06-11T23:52:02","modified_gmt":"2008-06-11T21:52:02","slug":"la-suisse-zero-points","status":"publish","type":"post","link":"https:\/\/unbequemefragen.ch\/?p=34","title":{"rendered":"La Suisse: zero points"},"content":{"rendered":"<p>Wie \u00fcberschw\u00e4nglich waren doch die Prognosen. &#8220;Wir werden Europameister!&#8221; wusste schon der Sportminister (als ob er es ihnen befohlen h\u00e4tte). Man sah uns schon im Finale gegen Deutschland (wo wir die \u00dcberraschungsfinalisten vom Platz gefegt h\u00e4tten). Offenbar wusste die Seele des Volkes sehr genau, wie es um &#8220;unsere&#8221; Jungs steht. Ein jeder der wusste dass das Runde ins Eckige muss spielte sich zum Fussballexperten auf und schmetterte Namen von Nationalspielern dem Gegen\u00fcber an den Kopf. Man machte &#8211; trotz offensichtlicher Chancenlosigkeit und vernichtender Statistik &#8211; auf \u00fcberschw\u00e4nglichen Optimismus. Vernunft, wo bleibst du? Selbst unser Parlament nimmt sich f\u00fcr den Match frei &#8211; als ob die Landesverteidigung auf dem Spiel steht und man die &#8220;Soldaten&#8221; auf dem gr\u00fcnen Feld anfeuern muss. Wann bekommen wohl all jene wieder einmal Applaus, die tagt\u00e4glich wirklich etwas f\u00fcr das Vaterland tun &#8211; und das ohne dicke Abfindung?<\/p>\n<p>Obendrauf geh\u00f6rt die kritiklose Verehrung eines Schweizer Trainers namens &#8220;K\u00f6bi&#8221; (fast so sch\u00f6n wie &#8220;Berti&#8221;, &#8220;Rudi&#8221; und &#8220;Klinsi&#8221;). Da m\u00fcssten doch die Glocken klingeln: Auch den Deutschen brachten &#8220;Berti&#8221;, &#8220;Rudi&#8221; und &#8220;Klinsi&#8221; kein Gl\u00fcck. Da braucht es andere Kaliber. K\u00f6bi, der Alp\u00f6hi aus Z\u00fcrich, soll Format haben und ein Winner-Typ sein&#8230; Aber wo bleibt die gesunde Aggression, wie es ein Christian Gross oder Jogi (!) L\u00f6w hat? Fehlanzeige. Da freue ich mich, wenn der Neue das Zepter \u00fcbernimmt. Die Jungs werden sicher kr\u00e4ftig durchgesch\u00fcttelt&#8230; Jaja, mit dem Drill-Sergeant Hitzfeld ists fertig mit dem Schmusekurs!<\/p>\n<p>Das Grossmachtsdenken der Schweizer zeigt sich einmal mehr. Statt sich auf die Nische zu beschr\u00e4nken, will man bei den ganz grossen Fussballnationen mitspielen. C&#8217;mon zum 1.<\/p>\n<p>Politisch wird das Multikulti-Team als Beispiel erfolgreicher Zusammenarbeit im Team vermarktet &#8211; und f\u00e4llt grandios durch. Gesunde Aggressivit\u00e4t w\u00e4re auch im Team gefragt. Stattdessen bekommt die Schweiz den kollektiven Heulkrampf, weil sich der Frei verletzt hat und nun nicht mehr spielen kann. Beni National hat es sch\u00f6n gesagt: &#8220;Die Schweizer sind zu lieb, sie warten bis auch der 11. Spieler der T\u00fcrken wieder auf dem Platz ist. Die T\u00fcrken w\u00fcrden nicht lange rumfackeln und den Vorteil ausn\u00fctzen.&#8221; \u00dcberrascht? C&#8217;mon zum 2.<\/p>\n<p>F\u00fcr die Euro08 (also die &#8220;EM&#8221;) musste sich das Team nicht qualifizieren. Es reichte, dass man im Verbund mit Oesterreich ein paar Fussballbonzen der UEFA &#8220;\u00fcberzeugen&#8221; konnte&#8230; Sprich: wir sind v\u00f6llig unberechtigt zur Finalteilnahme gekommen (wie die Oesterreicher). Wie gingen denn die Vorbereitungsspiele aus? Alle gewonnen? Nein. Und dann erwarten wir, dass unsere Mannschaft pl\u00f6tzlich gewinnt? C&#8217;mon zm 3.<\/p>\n<p>Liebe Schweizer, willkommen zur\u00fcck auf dem Boden der Realit\u00e4t! Sobald sich der Pulverdampf gelegt hat, lohnt es sich, die Einsch\u00e4tzungen unserer Promis und v.a. der Politiker etwas genauer unter die Lupe zu nehmen. Wer war denn da so \u00fcberdurchschnittlich optimistisch? Wer hat da was gesagt? Man schaue doch mal den letzten <a href=\"http:\/\/www.telezueri.ch\/index.php?id=6830&amp;show_uid=4794&amp;yyyymm=2008.06&amp;cHash=cdd8d67fb9\">SonnTalk von TeleZ\u00fcri<\/a> an und mache sich selbst ein Bild. Und dann \u00fcberlege man sich, ob diese Politiker wohl auch einen so realistischen Blick in der Politik an den Tag legen&#8230;<\/p>\n<p>Ah ja: Mein vollkommen unqualifizierter Tipp f\u00fcr den Titel des Europameisters: Die Niederlande &#8211; ihr Spiel hat mich \u00fcberzeugt. Ausserdem meine Favoriten: Deutschland, Portugal &amp; Argentinien&#8230; \ud83d\ude09<\/p>\n","protected":false},"excerpt":{"rendered":"<p>Wie \u00fcberschw\u00e4nglich waren doch die Prognosen. &#8220;Wir werden Europameister!&#8221; wusste schon der Sportminister (als ob er es ihnen befohlen h\u00e4tte). Man sah uns schon im Finale gegen Deutschland (wo wir die \u00dcberraschungsfinalisten vom Platz gefegt h\u00e4tten). Offenbar wusste die Seele &hellip; <a href=\"https:\/\/unbequemefragen.ch\/?p=34\">Continue reading <span class=\"meta-nav\">&rarr;<\/span><\/a><\/p>\n","protected":false},"author":3,"featured_media":0,"comment_status":"open","ping_status":"open","sticky":false,"template":"","format":"standard","meta":{"_jetpack_memberships_contains_paid_content":false,"footnotes":""},"categories":[1],"tags":[85,95],"class_list":["post-34","post","type-post","status-publish","format-standard","hentry","category-uncategorized","tag-schweiz","tag-sport"],"jetpack_featured_media_url":"","jetpack_sharing_enabled":true,"post_mailing_queue_ids":[],"_links":{"self":[{"href":"https:\/\/unbequemefragen.ch\/index.php?rest_route=\/wp\/v2\/posts\/34","targetHints":{"allow":["GET"]}}],"collection":[{"href":"https:\/\/unbequemefragen.ch\/index.php?rest_route=\/wp\/v2\/posts"}],"about":[{"href":"https:\/\/unbequemefragen.ch\/index.php?rest_route=\/wp\/v2\/types\/post"}],"author":[{"embeddable":true,"href":"https:\/\/unbequemefragen.ch\/index.php?rest_route=\/wp\/v2\/users\/3"}],"replies":[{"embeddable":true,"href":"https:\/\/unbequemefragen.ch\/index.php?rest_route=%2Fwp%2Fv2%2Fcomments&post=34"}],"version-history":[{"count":0,"href":"https:\/\/unbequemefragen.ch\/index.php?rest_route=\/wp\/v2\/posts\/34\/revisions"}],"wp:attachment":[{"href":"https:\/\/unbequemefragen.ch\/index.php?rest_route=%2Fwp%2Fv2%2Fmedia&parent=34"}],"wp:term":[{"taxonomy":"category","embeddable":true,"href":"https:\/\/unbequemefragen.ch\/index.php?rest_route=%2Fwp%2Fv2%2Fcategories&post=34"},{"taxonomy":"post_tag","embeddable":true,"href":"https:\/\/unbequemefragen.ch\/index.php?rest_route=%2Fwp%2Fv2%2Ftags&post=34"}],"curies":[{"name":"wp","href":"https:\/\/api.w.org\/{rel}","templated":true}]}}