{"id":33,"date":"2008-06-09T23:22:51","date_gmt":"2008-06-09T21:22:51","guid":{"rendered":"http:\/\/mmexm.wordpress.com\/?p=33"},"modified":"2008-06-09T23:22:51","modified_gmt":"2008-06-09T21:22:51","slug":"iphone-20-steve-jobs-2x-mager","status":"publish","type":"post","link":"https:\/\/unbequemefragen.ch\/?p=33","title":{"rendered":"iPhone 2.0 &amp; Steve Jobs: 2x mager"},"content":{"rendered":"<p>Da bin ich ja erschrocken, als ich Steve Jobs gesehen habe. Mir scheint da hat er seinen Krebs doch noch nicht ganz ausgestanden. Gesund sieht er mir jedenfalls nicht aus. Ausserdem war das nun schon der zweite Event, an dem er nicht die volle Redezeit f\u00fcr sich beansprucht hat&#8230;<\/p>\n<p><strong>Mageres iPhone<\/strong><br \/>\nGenauso mager kommt mir das &#8220;iPhone 3G&#8221; vor. Ausser einem etwas schnelleren Download, einem g\u00fcnstigeren Preis und einer Plastik-Schale bietet das neue Wunderding nicht wirklich viel Neues. Damit scheint es Apple eindeutig auf die breite Masse abgesehen zu haben.<\/p>\n<p>Gleichzeitig werkelt er an Business-Features mit der neuen Software, MS Exchange-Anbindung, Push-E-Mail\/Kontakt\/Kalender und solchen Dingen.<\/p>\n<p>Doch passen die beiden Dinge zusammen? NEIN!<\/p>\n<p>Gesch\u00e4ftsleute kaufen sich auch ein teureres Spielzeug oder erhalten es von ihrer Firma gratis zum Firmenauto dazu. Retail-Kunden brauchen diese Dinge kaum, wollen lieber Fotos schiessen und Musik h\u00f6ren (das iPhone ist ja noch immer auch ein iPod).<\/p>\n<p>Apple bewegt sich seit l\u00e4ngerem in Richtung Aluminium-Verpackung (zuerst bei den MacBookPros, dann den iMacs und zulegt auch beim iPhone 1.0). Die Abkehr davon und die Zuwendung hin zur\u00fcck zum Plastik unterst\u00fctzt meine Annahme von der zweigleisigen Strategie.<\/p>\n<p><strong>iPhone in der Schweiz<\/strong><br \/>\nWie war das noch gleich? Swisscom und Orange wollen das iPhone in der Schweiz verkaufen. In der offiziellen Medienmitteilung fand sich aber nichts, was auf Orange hindeutete. Ein Versehen? Und was kostet denn das Teil nun offiziell in der Schweiz? Auch dazu gibt es noch keine News&#8230;<\/p>\n<p><strong>Fazit<\/strong><br \/>\nObschon es mir schon lange unter den N\u00e4geln brennt, ich weiss beim besten Willen nicht, ob ich nun DIESES iPhone 2.0 kaufen will. Es fehlt mir noch immer etwas an Revolution. Wobei: F\u00fcr 200 Franken (plus 2-Jahres-Abo f\u00fcr monatlich x Franken) ist es eine \u00dcberlegung wert.<\/p>\n","protected":false},"excerpt":{"rendered":"<p>Da bin ich ja erschrocken, als ich Steve Jobs gesehen habe. Mir scheint da hat er seinen Krebs doch noch nicht ganz ausgestanden. Gesund sieht er mir jedenfalls nicht aus. Ausserdem war das nun schon der zweite Event, an dem &hellip; <a href=\"https:\/\/unbequemefragen.ch\/?p=33\">Continue reading <span class=\"meta-nav\">&rarr;<\/span><\/a><\/p>\n","protected":false},"author":3,"featured_media":0,"comment_status":"open","ping_status":"open","sticky":false,"template":"","format":"standard","meta":{"_jetpack_memberships_contains_paid_content":false,"footnotes":""},"categories":[7],"tags":[19,46,101,104],"class_list":["post-33","post","type-post","status-publish","format-standard","hentry","category-technologie","tag-apple","tag-iphone","tag-steve-jobs","tag-swisscom"],"jetpack_featured_media_url":"","jetpack_sharing_enabled":true,"post_mailing_queue_ids":[],"_links":{"self":[{"href":"https:\/\/unbequemefragen.ch\/index.php?rest_route=\/wp\/v2\/posts\/33","targetHints":{"allow":["GET"]}}],"collection":[{"href":"https:\/\/unbequemefragen.ch\/index.php?rest_route=\/wp\/v2\/posts"}],"about":[{"href":"https:\/\/unbequemefragen.ch\/index.php?rest_route=\/wp\/v2\/types\/post"}],"author":[{"embeddable":true,"href":"https:\/\/unbequemefragen.ch\/index.php?rest_route=\/wp\/v2\/users\/3"}],"replies":[{"embeddable":true,"href":"https:\/\/unbequemefragen.ch\/index.php?rest_route=%2Fwp%2Fv2%2Fcomments&post=33"}],"version-history":[{"count":0,"href":"https:\/\/unbequemefragen.ch\/index.php?rest_route=\/wp\/v2\/posts\/33\/revisions"}],"wp:attachment":[{"href":"https:\/\/unbequemefragen.ch\/index.php?rest_route=%2Fwp%2Fv2%2Fmedia&parent=33"}],"wp:term":[{"taxonomy":"category","embeddable":true,"href":"https:\/\/unbequemefragen.ch\/index.php?rest_route=%2Fwp%2Fv2%2Fcategories&post=33"},{"taxonomy":"post_tag","embeddable":true,"href":"https:\/\/unbequemefragen.ch\/index.php?rest_route=%2Fwp%2Fv2%2Ftags&post=33"}],"curies":[{"name":"wp","href":"https:\/\/api.w.org\/{rel}","templated":true}]}}