{"id":306,"date":"2008-12-22T23:08:49","date_gmt":"2008-12-22T22:08:49","guid":{"rendered":"http:\/\/mmexm.wordpress.com\/?p=306"},"modified":"2008-12-22T23:08:49","modified_gmt":"2008-12-22T22:08:49","slug":"krieg-in-5-jahren","status":"publish","type":"post","link":"https:\/\/unbequemefragen.ch\/?p=306","title":{"rendered":"Krieg in 5 Jahren"},"content":{"rendered":"<p>Marc Faber, seineszeichens &#8220;Dr. Doom&#8221; und allgemein als Crash-Prophet verschrieen, liegt oft gar nicht mal so falsch mit seinen Einsch\u00e4tzungen, auch wenn ihn die notorischen Optimisten gerne bel\u00e4cheln und zur Belustigung des Publikums pr\u00e4sentieren. Im Interview mit <a href=\"http:\/\/www.cash.ch\/video\/start.php?firstProjectID=8811\">CashTalk<\/a> von diesem Wochenende hat er ein paar Aussagen gemacht, die mich als sicherheitspolitisch interessierten und generell nicht auf das Gute im Menschen vertrauenden B\u00fcrger aufhorchen liessen:<\/p>\n<p>&#8220;Ich kann mir vorstellen, dass wir w\u00e4hrend 10 Jahren entt\u00e4uschendes Wachstum haben. <strong>Ich kann mir auch vorstellen, dass nach 5 Jahren ein Krieg ausbrechen kann<\/strong>. Das w\u00e4re eine Massnahe, welche die Wirtschaft wieder beleben w\u00fcrde. Auch der 2. Weltkrieg kam aus der Rezession heraus&#8230;&#8221; (ab ca. 7 Minuten)<\/p>\n<p>Nat\u00fcrlich mag diese Aussicht v\u00f6llig \u00fcbertrieben sein, doch in Anbetracht der anstehenden Rezession mag dies gar nicht mal so abw\u00e4gig sein. Wir stellen uns nur mal vor, wenn es einigen Staaten in Europa (etwa Spanien oder UK) nicht mehr so gut gehen sollte, welche Spannungen sich da aufstauen k\u00f6nnen und wie am Euro durch die nationalen Kr\u00e4fte gezehrt wird. Das sind sicher keine guten Voraussetzungen.<\/p>\n<p>Die Gutmenschen werden nat\u00fcrlich einwerfen, dass man einiges aus der Geschichte gelernt habe und nur allein deshalb so etwas nicht passieren wird. Doch ich mag partout nicht an solche vagen Aussagen glauben. Ich hoffe, ich liege falsch!<\/p>\n<p>Das ganze Video ist sehr sehenswert. Es zeigt einmal mehr, wie falsch jene liefen, die der freien Marktwirtschaft, dem Liberalismus die Schuld in die Schuhe schieben. Aber so ist es, wenn man sich von einem Gewerkschafter die Welt erkl\u00e4ren l\u00e4sst&#8230;<\/p>\n<p>&#8220;Entweder wir haben eine Volkswirtschaft, welche auf der Marktwirtschaft beruht und auf dem kapitalistischen System &#8211; und das ist nat\u00fcrlich knallhart: Wenn sie nichts taugen, sind sie draussen! Aber wenn sie nichts taugen sollten sie auch keine Stelle haben. Und v.a. nicht eine, die \u00fcberzahlt ist, wie bei der UBS.<\/p>\n<p>Es gibt ja hochintelligente Leute auf dieser Welt, die den ganzen Tag arbeiten und verdienen einen Bruchteil von einem Idiot, der in einer Schweizer Bank an der Bahnhofstrasse sitzt. Es ist bedauerlich, dass es so viele Leute gibt, die nichts taugen und so viel verdienen und andere (Universit\u00e4tsprofessoren, Lehrer) die etwas beitragen zur Gesellschaft und so schlecht bezahlt werden.&#8221;<\/p>\n","protected":false},"excerpt":{"rendered":"<p>Marc Faber, seineszeichens &#8220;Dr. Doom&#8221; und allgemein als Crash-Prophet verschrieen, liegt oft gar nicht mal so falsch mit seinen Einsch\u00e4tzungen, auch wenn ihn die notorischen Optimisten gerne bel\u00e4cheln und zur Belustigung des Publikums pr\u00e4sentieren. Im Interview mit CashTalk von diesem &hellip; <a href=\"https:\/\/unbequemefragen.ch\/?p=306\">Continue reading <span class=\"meta-nav\">&rarr;<\/span><\/a><\/p>\n","protected":false},"author":3,"featured_media":0,"comment_status":"open","ping_status":"open","sticky":false,"template":"","format":"standard","meta":{"_jetpack_memberships_contains_paid_content":false,"footnotes":""},"categories":[1],"tags":[18,21,54,136,137,139,115],"class_list":["post-306","post","type-post","status-publish","format-standard","hentry","category-uncategorized","tag-anlegerweisheiten","tag-armee","tag-krieg","tag-militar","tag-politik","tag-wirtschaft","tag-zukunft"],"jetpack_featured_media_url":"","jetpack_sharing_enabled":true,"post_mailing_queue_ids":[],"_links":{"self":[{"href":"https:\/\/unbequemefragen.ch\/index.php?rest_route=\/wp\/v2\/posts\/306","targetHints":{"allow":["GET"]}}],"collection":[{"href":"https:\/\/unbequemefragen.ch\/index.php?rest_route=\/wp\/v2\/posts"}],"about":[{"href":"https:\/\/unbequemefragen.ch\/index.php?rest_route=\/wp\/v2\/types\/post"}],"author":[{"embeddable":true,"href":"https:\/\/unbequemefragen.ch\/index.php?rest_route=\/wp\/v2\/users\/3"}],"replies":[{"embeddable":true,"href":"https:\/\/unbequemefragen.ch\/index.php?rest_route=%2Fwp%2Fv2%2Fcomments&post=306"}],"version-history":[{"count":0,"href":"https:\/\/unbequemefragen.ch\/index.php?rest_route=\/wp\/v2\/posts\/306\/revisions"}],"wp:attachment":[{"href":"https:\/\/unbequemefragen.ch\/index.php?rest_route=%2Fwp%2Fv2%2Fmedia&parent=306"}],"wp:term":[{"taxonomy":"category","embeddable":true,"href":"https:\/\/unbequemefragen.ch\/index.php?rest_route=%2Fwp%2Fv2%2Fcategories&post=306"},{"taxonomy":"post_tag","embeddable":true,"href":"https:\/\/unbequemefragen.ch\/index.php?rest_route=%2Fwp%2Fv2%2Ftags&post=306"}],"curies":[{"name":"wp","href":"https:\/\/api.w.org\/{rel}","templated":true}]}}