{"id":26,"date":"2008-06-04T17:14:53","date_gmt":"2008-06-04T15:14:53","guid":{"rendered":"http:\/\/mmexm.wordpress.com\/?p=26"},"modified":"2008-06-04T17:14:53","modified_gmt":"2008-06-04T15:14:53","slug":"wo-steht-ringier","status":"publish","type":"post","link":"https:\/\/unbequemefragen.ch\/?p=26","title":{"rendered":"Wo steht Ringier?"},"content":{"rendered":"<p>Ab und zu ist es gut wenn man weiss wo unsere Presse politisch einzuordnen ist. Da sich alle Journalisten und Verlage grunds\u00e4tzlich als &#8220;politisch unabh\u00e4ngig&#8221; bezeichnen bzw. &#8220;der Sache und Wahrheit verpflichtet&#8221;, muss man sich auf sekund\u00e4re Quellen st\u00fctzen.<\/p>\n<p>Schauen wir also mal nach, wen die Ringiers u.a. zu ihrer Geburtstagsfeier eingeladen haben. Schliesslich l\u00e4dt man stets nur &#8220;Freunde&#8221; dazu ein. <a href=\"http:\/\/btl.tilllate.com\/DE\/btl\/weltwoche\/getpage.php?pageid=picpage&amp;gid=7084423&amp;fid=122636083\">Als Quelle: tillate.ch<\/a>.<\/p>\n<ul>\n<li>Bundesrat Moritz Leuenberg (SP)<\/li>\n<li>Ex-Bundeskanzler Gerhard Schr\u00f6der (SPD)<\/li>\n<li>&#8220;Wir sind pleite, aber daf\u00fcr sexy&#8221; Berlin B\u00fcrgermeister Klaus Wowereit (SPD)<\/li>\n<li>Christine Egerszegi (FDP\/AG)<\/li>\n<li>sowie viel Prominenz vom Leutschenbach (Schweizer Fernsehen)<\/li>\n<\/ul>\n<p>Ob man hier wohl irgendwelche R\u00fcckschl\u00fcsse ziehen kann?<\/p>\n","protected":false},"excerpt":{"rendered":"<p>Ab und zu ist es gut wenn man weiss wo unsere Presse politisch einzuordnen ist. Da sich alle Journalisten und Verlage grunds\u00e4tzlich als &#8220;politisch unabh\u00e4ngig&#8221; bezeichnen bzw. &#8220;der Sache und Wahrheit verpflichtet&#8221;, muss man sich auf sekund\u00e4re Quellen st\u00fctzen. Schauen &hellip; <a href=\"https:\/\/unbequemefragen.ch\/?p=26\">Continue reading <span class=\"meta-nav\">&rarr;<\/span><\/a><\/p>\n","protected":false},"author":3,"featured_media":0,"comment_status":"open","ping_status":"open","sticky":false,"template":"","format":"standard","meta":{"_jetpack_memberships_contains_paid_content":false,"footnotes":""},"categories":[1],"tags":[48,75,88,94],"class_list":["post-26","post","type-post","status-publish","format-standard","hentry","category-uncategorized","tag-journalisten","tag-presse","tag-sf-drs","tag-sp"],"jetpack_featured_media_url":"","jetpack_sharing_enabled":true,"post_mailing_queue_ids":[],"_links":{"self":[{"href":"https:\/\/unbequemefragen.ch\/index.php?rest_route=\/wp\/v2\/posts\/26","targetHints":{"allow":["GET"]}}],"collection":[{"href":"https:\/\/unbequemefragen.ch\/index.php?rest_route=\/wp\/v2\/posts"}],"about":[{"href":"https:\/\/unbequemefragen.ch\/index.php?rest_route=\/wp\/v2\/types\/post"}],"author":[{"embeddable":true,"href":"https:\/\/unbequemefragen.ch\/index.php?rest_route=\/wp\/v2\/users\/3"}],"replies":[{"embeddable":true,"href":"https:\/\/unbequemefragen.ch\/index.php?rest_route=%2Fwp%2Fv2%2Fcomments&post=26"}],"version-history":[{"count":0,"href":"https:\/\/unbequemefragen.ch\/index.php?rest_route=\/wp\/v2\/posts\/26\/revisions"}],"wp:attachment":[{"href":"https:\/\/unbequemefragen.ch\/index.php?rest_route=%2Fwp%2Fv2%2Fmedia&parent=26"}],"wp:term":[{"taxonomy":"category","embeddable":true,"href":"https:\/\/unbequemefragen.ch\/index.php?rest_route=%2Fwp%2Fv2%2Fcategories&post=26"},{"taxonomy":"post_tag","embeddable":true,"href":"https:\/\/unbequemefragen.ch\/index.php?rest_route=%2Fwp%2Fv2%2Ftags&post=26"}],"curies":[{"name":"wp","href":"https:\/\/api.w.org\/{rel}","templated":true}]}}