{"id":237,"date":"2008-11-18T14:33:28","date_gmt":"2008-11-18T12:33:28","guid":{"rendered":"http:\/\/mmexm.wordpress.com\/?p=237"},"modified":"2008-11-18T14:33:28","modified_gmt":"2008-11-18T12:33:28","slug":"die-gretchenfrage","status":"publish","type":"post","link":"https:\/\/unbequemefragen.ch\/?p=237","title":{"rendered":"Die Gretchenfrage"},"content":{"rendered":"<p>Als Gretchenfrage bezieht man sich ja auch Goethes &#8220;Faust&#8221;, als Gretchen gefragt wurde, wie sie es mit der Religion so habe&#8230; Heute wird dieser Ausdruck in Verbindung mit der anstehenden Brundesrats-Ersatzwahl verwedent. Als &#8216;Gretchen&#8217; ist jedoch nicht die SVP gefragt, sondern die anderen Parteien, allen voran die Bundesratsparteien SP, FDP, CVP und BDP.<br \/>\n&#8220;Sagt mir, wie habt ihr es mit der Konkordanz?&#8221;<\/p>\n<p>Wenn ich den Ausdruck richtig verstanden habe, sollen in der Regierung alle wichtigen Meinungen (oft spricht man ja auch von &#8220;Parteien&#8221;, was aber im Nachhinein nur zu\u00a0 unsch\u00f6nen Trennungen gef\u00fchrt hat) vertreten sein. Der SVP als gr\u00f6sste Partei (29%) und damit deren Meinungen und politischen Zielen stehen 2 Bundesr\u00e4te zu. Wer diese Meinung am besten vertreten kann, weil er sie massgeblich beeinfluss hat, ist wohl allen klar. Wieso soll man sich also mit der zweitbesten L\u00f6sung zufrieden geben?<br \/>\n&#8220;Sagt mir, steht das Wohl des Landes f\u00fcr euch an erster Stelle?&#8221;<\/p>\n<p>Wieso wird &#8211; nur um Christoph Blocher zu verhindern &#8211; wiederum so viel Kraft aufgewendet? Sollte man nicht dankbar sein, dass ein so erfahrener Politiker, Unternehmer und Milit\u00e4r in dieser schwierigen Situation das Ruder \u00fcbernimmt? Er hat ja auch selbst gesagt, dass es ihn reizen w\u00fcrde, ein schlecht aufgestelltes Unternehmen wieder vorw\u00e4rts zu bringen. Wem die Armee am Herzen liegt, muss f\u00fcr Blocher sein.<br \/>\n&#8220;Sagt mir, wollt ihr nicht den besten Mann f\u00fcr den Job?&#8221;<\/p>\n<p>Es ist absehbar, dass der neu gew\u00e4hlte Bundesrat das VBS \u00fcbernehmen wird. Schon l\u00e4nger bem\u00e4ngelt die SVP die Zust\u00e4nde in der Armee. Nun h\u00e4tte sie die M\u00f6glichkeit, diese Missst\u00e4nde zu beseitigen. Als Christoph Blocher in den Bundesrat gew\u00e4hlt wurde, \u00fcbernahm er das Asyl Dossier. Offenbar hat er gut Arbeit geleistet, denn sonst k\u00f6nnte man ihn ja beruhigt ins VBS lassen, wo er ja wegen der Unf\u00e4higkeit verk\u00fcmmern und als geschlagener Mann beim n\u00e4chsten Mal wieder abgew\u00e4hlt w\u00fcrde. Er w\u00fcrde sich also selbst disqualifizieren. W\u00e4re das nicht reizvoll f\u00fcr die vereinte Linke inkl. CVP? Leider geht das nicht auf, weil Blocher eben gute Arbeit geleistet hat&#8230; Da muss man eben mit weichen Argumenten kommen&#8230;<br \/>\n&#8220;Sagt mir, wie habt ihr es mit der Ehrlichkeit?&#8221;<\/p>\n<p>Kein Politiker steht mehr unter Beobachtung wie Christoph Blocher. Jede Bewegung wird mit Argusaugen beobachtet, jede \u00c4usserung auf die Goldwaage gelegt. Man m\u00f6ge doch bitte dieselbe Akribie auch bei den anderen Politikern anwenden und zuerst vor dem eigenen Haus den Dreck kehren.<\/p>\n<p>So oder so, die SVP gewinnt am 10. Dezember. Entweder die anderen Parteien springen \u00fcber ihren Schatten und w\u00e4hlen Blocher in die Regierung. Oder sie geben der SVP eine Steilvorlage f\u00fcr die n\u00e4chsten Wahlen (&#8220;Parlament missachtet den Volkswillen&#8221;). Wenn sie clever sind, w\u00e4hlen sie das kleinere &#8220;\u00dcbel&#8221;&#8230;<\/p>\n","protected":false},"excerpt":{"rendered":"<p>Als Gretchenfrage bezieht man sich ja auch Goethes &#8220;Faust&#8221;, als Gretchen gefragt wurde, wie sie es mit der Religion so habe&#8230; Heute wird dieser Ausdruck in Verbindung mit der anstehenden Brundesrats-Ersatzwahl verwedent. Als &#8216;Gretchen&#8217; ist jedoch nicht die SVP gefragt, &hellip; <a href=\"https:\/\/unbequemefragen.ch\/?p=237\">Continue reading <span class=\"meta-nav\">&rarr;<\/span><\/a><\/p>\n","protected":false},"author":3,"featured_media":0,"comment_status":"open","ping_status":"open","sticky":false,"template":"","format":"standard","meta":{"_jetpack_memberships_contains_paid_content":false,"footnotes":""},"categories":[1],"tags":[21,137,85,103],"class_list":["post-237","post","type-post","status-publish","format-standard","hentry","category-uncategorized","tag-armee","tag-politik","tag-schweiz","tag-svp"],"jetpack_featured_media_url":"","jetpack_sharing_enabled":true,"post_mailing_queue_ids":[],"_links":{"self":[{"href":"https:\/\/unbequemefragen.ch\/index.php?rest_route=\/wp\/v2\/posts\/237","targetHints":{"allow":["GET"]}}],"collection":[{"href":"https:\/\/unbequemefragen.ch\/index.php?rest_route=\/wp\/v2\/posts"}],"about":[{"href":"https:\/\/unbequemefragen.ch\/index.php?rest_route=\/wp\/v2\/types\/post"}],"author":[{"embeddable":true,"href":"https:\/\/unbequemefragen.ch\/index.php?rest_route=\/wp\/v2\/users\/3"}],"replies":[{"embeddable":true,"href":"https:\/\/unbequemefragen.ch\/index.php?rest_route=%2Fwp%2Fv2%2Fcomments&post=237"}],"version-history":[{"count":0,"href":"https:\/\/unbequemefragen.ch\/index.php?rest_route=\/wp\/v2\/posts\/237\/revisions"}],"wp:attachment":[{"href":"https:\/\/unbequemefragen.ch\/index.php?rest_route=%2Fwp%2Fv2%2Fmedia&parent=237"}],"wp:term":[{"taxonomy":"category","embeddable":true,"href":"https:\/\/unbequemefragen.ch\/index.php?rest_route=%2Fwp%2Fv2%2Fcategories&post=237"},{"taxonomy":"post_tag","embeddable":true,"href":"https:\/\/unbequemefragen.ch\/index.php?rest_route=%2Fwp%2Fv2%2Ftags&post=237"}],"curies":[{"name":"wp","href":"https:\/\/api.w.org\/{rel}","templated":true}]}}