{"id":235,"date":"2008-11-14T23:57:51","date_gmt":"2008-11-14T21:57:51","guid":{"rendered":"http:\/\/mmexm.wordpress.com\/?p=235"},"modified":"2008-11-14T23:57:51","modified_gmt":"2008-11-14T21:57:51","slug":"ein-obama-fur-deutschland","status":"publish","type":"post","link":"https:\/\/unbequemefragen.ch\/?p=235","title":{"rendered":"Ein Obama f\u00fcr Deutschland?"},"content":{"rendered":"<p>Im letzten &#8220;Presseclub&#8221; war nat\u00fcrlich die Wahl von Barack Obama zum US-Pr\u00e4sidenten auch ein Thema. Zwei Dinge haben mich hellh\u00f6rig gemacht: a) Die unreflektierte Bemerkung, dass ein solches blindes Vertrauen, ja eine Begeisterung wie es Amerika mit Obama zelebriert, in Deutschland, in einen Deutschen Politiker nicht m\u00f6glich sei; und b) dass kein &#8216;Obama&#8217; f\u00fcr Deutschland am Horizont steht.<\/p>\n<p>Zum Gl\u00fcck! Beim letzten Mal als die Deutschen blind einem F\u00fchrer zugewunken haben, entpuppte der sich am Schluss nicht gerade als Heilsbringer&#8230; Wer kann in Zeiten der Euphorie oder emotionaler \u00dcbersteuerung schon Gut von Schlecht unterscheiden?<\/p>\n","protected":false},"excerpt":{"rendered":"<p>Im letzten &#8220;Presseclub&#8221; war nat\u00fcrlich die Wahl von Barack Obama zum US-Pr\u00e4sidenten auch ein Thema. Zwei Dinge haben mich hellh\u00f6rig gemacht: a) Die unreflektierte Bemerkung, dass ein solches blindes Vertrauen, ja eine Begeisterung wie es Amerika mit Obama zelebriert, in &hellip; <a href=\"https:\/\/unbequemefragen.ch\/?p=235\">Continue reading <span class=\"meta-nav\">&rarr;<\/span><\/a><\/p>\n","protected":false},"author":3,"featured_media":0,"comment_status":"open","ping_status":"open","sticky":false,"template":"","format":"standard","meta":{"_jetpack_memberships_contains_paid_content":false,"footnotes":""},"categories":[1],"tags":[31,48,67,137,107],"class_list":["post-235","post","type-post","status-publish","format-standard","hentry","category-uncategorized","tag-deutschland","tag-journalisten","tag-obama","tag-politik","tag-usa"],"jetpack_featured_media_url":"","jetpack_sharing_enabled":true,"post_mailing_queue_ids":[],"_links":{"self":[{"href":"https:\/\/unbequemefragen.ch\/index.php?rest_route=\/wp\/v2\/posts\/235","targetHints":{"allow":["GET"]}}],"collection":[{"href":"https:\/\/unbequemefragen.ch\/index.php?rest_route=\/wp\/v2\/posts"}],"about":[{"href":"https:\/\/unbequemefragen.ch\/index.php?rest_route=\/wp\/v2\/types\/post"}],"author":[{"embeddable":true,"href":"https:\/\/unbequemefragen.ch\/index.php?rest_route=\/wp\/v2\/users\/3"}],"replies":[{"embeddable":true,"href":"https:\/\/unbequemefragen.ch\/index.php?rest_route=%2Fwp%2Fv2%2Fcomments&post=235"}],"version-history":[{"count":0,"href":"https:\/\/unbequemefragen.ch\/index.php?rest_route=\/wp\/v2\/posts\/235\/revisions"}],"wp:attachment":[{"href":"https:\/\/unbequemefragen.ch\/index.php?rest_route=%2Fwp%2Fv2%2Fmedia&parent=235"}],"wp:term":[{"taxonomy":"category","embeddable":true,"href":"https:\/\/unbequemefragen.ch\/index.php?rest_route=%2Fwp%2Fv2%2Fcategories&post=235"},{"taxonomy":"post_tag","embeddable":true,"href":"https:\/\/unbequemefragen.ch\/index.php?rest_route=%2Fwp%2Fv2%2Ftags&post=235"}],"curies":[{"name":"wp","href":"https:\/\/api.w.org\/{rel}","templated":true}]}}