{"id":2304,"date":"2025-03-13T11:38:15","date_gmt":"2025-03-13T10:38:15","guid":{"rendered":"https:\/\/unbequemefragen.ch\/?p=2304"},"modified":"2025-03-13T11:38:15","modified_gmt":"2025-03-13T10:38:15","slug":"habe-ich-das-richtig-verstanden","status":"publish","type":"post","link":"https:\/\/unbequemefragen.ch\/?p=2304","title":{"rendered":"Habe ich das richtig verstanden?"},"content":{"rendered":"\n<p>Nur, damit ich die Position der NATO-philen &#8220;Milit\u00e4rfreunde&#8221; richtig verstanden habe, rekapituliere ich die aufgeschnappten Annahmen:<\/p>\n\n\n\n<p><strong>Bedrohung<\/strong><\/p>\n\n\n\n<ol class=\"wp-block-list\">\n<li>Russland war und ist milit\u00e4risch schw\u00e4cher als Europa bzw. die NATO (auch ohne USA) \u2013\u00a0Russland wurde\/wird \u00fcbersch\u00e4tzt;<\/li>\n\n\n\n<li>Russland will in den Westen vorstossen, weil es unsere Demokratie und Freiheit zerst\u00f6ren will. Deshalb ist auch die Schweiz bedroht.<\/li>\n\n\n\n<li>Russland ist milit\u00e4risch so schwach bzw. die Ukraine ist so \u00fcberlegen, dass sich die Front nur sehr langsam und leider in die falsche Richtung bewegt. Die Ukraine kann aber den Krieg mit Hilfe des Westens gewinnen.<\/li>\n\n\n\n<li>Russland ist erst in 3-5 Jahren milit\u00e4risch f\u00e4hig, einen Stoss nach Westeuropa, bis zum Atlantik zu realisieren;<\/li>\n<\/ol>\n\n\n\n<!--more-->\n\n\n\n<p><strong>Eigene Mittel und F\u00e4higkeiten<\/strong><\/p>\n\n\n\n<ol class=\"wp-block-list\">\n<li>Die Erfahrung aus dem Ukraine-Konflikt sind f\u00fcr den Westen so positiv, dass ein Erfolg einer milit\u00e4rischen Aktion gegen Russland mit Gewissheit feststeht;<\/li>\n\n\n\n<li>Europa + NATO(-) schaffen es, in der gegebenen Zeit von 3-5 Jahren den allenfalls vorhandenen technologischen R\u00fcckstand gg\u00fc, Russland von rund 20 Jahren (&#8220;Hyperschallwaffen&#8221;, EKF, Flugabwehr, etc.) aufzuholen;<\/li>\n\n\n\n<li>Europa + NATO(-) schaffen es bis 2030 die n\u00f6tigen g\u00fcnstigen Energiequellen zu erschliessen und die Logistik f\u00fcr deren Transport fr\u00fchzeitig sicher zu stellen;<\/li>\n\n\n\n<li>Europa + NATO(-) schaffen es bis 2030 die verlorene R\u00fcstungsindustrie wieder aufzubauen, das n\u00f6tige Know-how zu entwickeln, die Ingenieure dazu auszubilden und die n\u00f6tigen Kapazit\u00e4ten zur Produktion von Waffen und Munition sicherzustellen;<\/li>\n\n\n\n<li>Europa + NATO(-) schaffen es bis 2030 gen\u00fcgend (zwangs)rekrutierte (&#8220;Wehrpflicht&#8221;) Soldaten f\u00fcr diese Operation zu motivieren, auszur\u00fcsten, (an den neuen Systemen) auszubilden und mit der n\u00f6tigen Erfahrung in einen erfolgreichen Krieg zu schicken;<\/li>\n\n\n\n<li>Europa + NATO(-) schaffen es bis 2030 die f\u00fcr die Soldaten n\u00f6tige (z.B. Ausbildungs-) Infrastruktur zu errichten und zu betreiben;<\/li>\n\n\n\n<li>Europa + NATO(-) schaffen es bis 2030\u00a0bereit zu sein, dass nicht nur ein russischer Stoss auf der ganzen Angriffsbreite gestoppt, sondern auch ein Gegenstoss bis \u00fcber die russischen Grenzen erfolgreich ausgef\u00fchrt werden kann;<\/li>\n\n\n\n<li>Europa + NATO(-) schaffen es bis 2030\u00a0alle diese T\u00e4tigkeiten so zu finanzieren, dass die Gesellschaft nicht (noch mehr) unter hohen Steuern und Abgaben leidet, die W\u00e4hrungen stabil bleiben und die Finanzm\u00e4rkte weiterhin Vertrauen in die Zahlungsf\u00e4higkeit der Regierungen haben;<\/li>\n<\/ol>\n\n\n\n<p><strong>&#8230;und sonst so?<\/strong><\/p>\n\n\n\n<ol class=\"wp-block-list\">\n<li>Russland wird in der gleichen Zeit seine aktuell mindestens 12-fach so grosse R\u00fcstungskapazit\u00e4t herunterfahren, die Weiterentwicklung seiner kriegserprobten Waffen stoppen und tatenlos zusehen, wenn der &#8220;Westen+&#8221; zum Krieg r\u00fcstet;<\/li>\n\n\n\n<li>eine &#8220;strategische Niederlage&#8221; (Wie sieht die aus? Was ist der angestrebte Endzustand?) Russlands ist angesichts der hervorragenden Ausgangslage des Westens zum ersten Mal in der Geschichte machbar;<\/li>\n\n\n\n<li>Die Folgesch\u00e4den f\u00fcr die europ\u00e4ische Wirtschaft und Gesellschaft sind angesichts der Erfolgschancen verkraftbar.<\/li>\n<\/ol>\n\n\n\n<p>Richtig? <\/p>\n\n\n\n<p>Die Schweiz ist deshalb gut beraten, in ebendieses Konzept mit zu investieren?<\/p>\n\n\n\n<p>Was, wenn nur einer dieser Faktoren sich als Fehlbeurteilung herausstellen sollte?<\/p>\n","protected":false},"excerpt":{"rendered":"<p>Nur, damit ich die Position der NATO-philen &#8220;Milit\u00e4rfreunde&#8221; richtig verstanden habe, rekapituliere ich die aufgeschnappten Annahmen: Bedrohung<\/p>\n","protected":false},"author":1,"featured_media":0,"comment_status":"open","ping_status":"open","sticky":false,"template":"","format":"standard","meta":{"_jetpack_memberships_contains_paid_content":false,"footnotes":""},"categories":[5],"tags":[36,55,143,85,139,115],"class_list":["post-2304","post","type-post","status-publish","format-standard","hentry","category-militar","tag-europa","tag-krise","tag-nato","tag-schweiz","tag-wirtschaft","tag-zukunft"],"jetpack_featured_media_url":"","jetpack_sharing_enabled":true,"post_mailing_queue_ids":[],"_links":{"self":[{"href":"https:\/\/unbequemefragen.ch\/index.php?rest_route=\/wp\/v2\/posts\/2304","targetHints":{"allow":["GET"]}}],"collection":[{"href":"https:\/\/unbequemefragen.ch\/index.php?rest_route=\/wp\/v2\/posts"}],"about":[{"href":"https:\/\/unbequemefragen.ch\/index.php?rest_route=\/wp\/v2\/types\/post"}],"author":[{"embeddable":true,"href":"https:\/\/unbequemefragen.ch\/index.php?rest_route=\/wp\/v2\/users\/1"}],"replies":[{"embeddable":true,"href":"https:\/\/unbequemefragen.ch\/index.php?rest_route=%2Fwp%2Fv2%2Fcomments&post=2304"}],"version-history":[{"count":2,"href":"https:\/\/unbequemefragen.ch\/index.php?rest_route=\/wp\/v2\/posts\/2304\/revisions"}],"predecessor-version":[{"id":2306,"href":"https:\/\/unbequemefragen.ch\/index.php?rest_route=\/wp\/v2\/posts\/2304\/revisions\/2306"}],"wp:attachment":[{"href":"https:\/\/unbequemefragen.ch\/index.php?rest_route=%2Fwp%2Fv2%2Fmedia&parent=2304"}],"wp:term":[{"taxonomy":"category","embeddable":true,"href":"https:\/\/unbequemefragen.ch\/index.php?rest_route=%2Fwp%2Fv2%2Fcategories&post=2304"},{"taxonomy":"post_tag","embeddable":true,"href":"https:\/\/unbequemefragen.ch\/index.php?rest_route=%2Fwp%2Fv2%2Ftags&post=2304"}],"curies":[{"name":"wp","href":"https:\/\/api.w.org\/{rel}","templated":true}]}}