{"id":23,"date":"2008-05-29T10:22:35","date_gmt":"2008-05-29T08:22:35","guid":{"rendered":"http:\/\/mmexm.wordpress.com\/?p=23"},"modified":"2008-05-29T10:22:35","modified_gmt":"2008-05-29T08:22:35","slug":"benzinpreis-in-deutschland","status":"publish","type":"post","link":"https:\/\/unbequemefragen.ch\/?p=23","title":{"rendered":"Benzinpreis in Deutschland"},"content":{"rendered":"<p>Interview mit <strong>dem Deutschlandchef des Mineral\u00f6lkonzerns BP, Uwe Franke:<\/strong><\/p>\n<blockquote><p><em>Auf die Frage, ob Kunden durch Preisabsprachen der Konzerne abkassiert w\u00fcrden, sagte Franke: &#8220;Nein. Unser aktueller Preis f\u00fcr Super liegt bei 59 Cent, f\u00fcr Diesel bei 78 Cent.&#8221; Dies sei der drittniedrigste Wert aller 27 EU-L\u00e4nder, den Rest kassiere der Staat \u00fcber die Steuer.<\/em><\/p>\n<p>Quelle: <a href=\"http:\/\/www.spiegel.de\/wirtschaft\/0,1518,556196,00.html\">Spiegel Online<\/a><\/p><\/blockquote>\n<p style=\"text-align:center;\"><img loading=\"lazy\" decoding=\"async\" class=\"aligncenter\" style=\"vertical-align:middle;\" src=\"http:\/\/www.spiegel.de\/img\/0,1020,1187122,00.jpg\" alt=\"\" width=\"180\" height=\"180\" \/><br \/>\n(Bild: Spiegel Online)<\/p>\n<p>Man kann es drehen und wenden wie man will. An den hohen Spritpreisen sind nicht die Oelkonzerne schuld! Der Oelpreis macht sicher einen grossen Teil aus, aber der Staat kassiert munter ab und schiebt die Verantwortung mit grossem Grummeln auf die Wirtschaft. *Kopfsch\u00fcttel*<\/p>\n<p>Ich bin ja mal gespannt, <a href=\"http:\/\/www.spiegel.de\/wirtschaft\/0,1518,556032,00.html\">was das &#8220;Bundeskartellamt&#8221; bei seinen Untersuchungen herausfindet<\/a>. Das scheint ja eine aufw\u00e4ndige Prozedur zu sein&#8230;<\/p>\n<blockquote><p>B<em>ei der Pr\u00fcfung sollen nun die generellen Marktbedingungen beleuchtet und m\u00f6gliche Wettbewerbsverzerrungen identifiziert werden. Sollten sich Anhaltspunkte f\u00fcr Verst\u00f6\u00dfe gegen das Wettbewerbsrecht ergeben, werde man handeln, teilte das Kartellamt mit. Schnelle Ergebnisse sind indes nicht zu erwarten: <strong>Ein erster Zwischenbericht der Untersuchung soll Ende des Jahres ver\u00f6ffentlicht werden.<\/strong><\/em><\/p>\n<p>Quelle: <a href=\"http:\/\/www.spiegel.de\/wirtschaft\/0,1518,556032,00.html\">Spiegel Online<\/a><\/p><\/blockquote>\n","protected":false},"excerpt":{"rendered":"<p>Interview mit dem Deutschlandchef des Mineral\u00f6lkonzerns BP, Uwe Franke: Auf die Frage, ob Kunden durch Preisabsprachen der Konzerne abkassiert w\u00fcrden, sagte Franke: &#8220;Nein. Unser aktueller Preis f\u00fcr Super liegt bei 59 Cent, f\u00fcr Diesel bei 78 Cent.&#8221; Dies sei der &hellip; <a href=\"https:\/\/unbequemefragen.ch\/?p=23\">Continue reading <span class=\"meta-nav\">&rarr;<\/span><\/a><\/p>\n","protected":false},"author":3,"featured_media":0,"comment_status":"open","ping_status":"open","sticky":false,"template":"","format":"standard","meta":{"_jetpack_memberships_contains_paid_content":false,"footnotes":""},"categories":[6],"tags":[31,34,68,137],"class_list":["post-23","post","type-post","status-publish","format-standard","hentry","category-politik","tag-deutschland","tag-energie","tag-oel","tag-politik"],"jetpack_featured_media_url":"","jetpack_sharing_enabled":true,"post_mailing_queue_ids":[],"_links":{"self":[{"href":"https:\/\/unbequemefragen.ch\/index.php?rest_route=\/wp\/v2\/posts\/23","targetHints":{"allow":["GET"]}}],"collection":[{"href":"https:\/\/unbequemefragen.ch\/index.php?rest_route=\/wp\/v2\/posts"}],"about":[{"href":"https:\/\/unbequemefragen.ch\/index.php?rest_route=\/wp\/v2\/types\/post"}],"author":[{"embeddable":true,"href":"https:\/\/unbequemefragen.ch\/index.php?rest_route=\/wp\/v2\/users\/3"}],"replies":[{"embeddable":true,"href":"https:\/\/unbequemefragen.ch\/index.php?rest_route=%2Fwp%2Fv2%2Fcomments&post=23"}],"version-history":[{"count":0,"href":"https:\/\/unbequemefragen.ch\/index.php?rest_route=\/wp\/v2\/posts\/23\/revisions"}],"wp:attachment":[{"href":"https:\/\/unbequemefragen.ch\/index.php?rest_route=%2Fwp%2Fv2%2Fmedia&parent=23"}],"wp:term":[{"taxonomy":"category","embeddable":true,"href":"https:\/\/unbequemefragen.ch\/index.php?rest_route=%2Fwp%2Fv2%2Fcategories&post=23"},{"taxonomy":"post_tag","embeddable":true,"href":"https:\/\/unbequemefragen.ch\/index.php?rest_route=%2Fwp%2Fv2%2Ftags&post=23"}],"curies":[{"name":"wp","href":"https:\/\/api.w.org\/{rel}","templated":true}]}}