{"id":2235,"date":"2024-04-26T15:15:34","date_gmt":"2024-04-26T14:15:34","guid":{"rendered":"https:\/\/unbequemefragen.ch\/?p=2235"},"modified":"2024-04-26T15:15:34","modified_gmt":"2024-04-26T14:15:34","slug":"dispensationsgesuch-fur-generalstabsoffiziersseminar","status":"publish","type":"post","link":"https:\/\/unbequemefragen.ch\/?p=2235","title":{"rendered":"Dispensationsgesuch f\u00fcr Generalstabsoffiziersseminar"},"content":{"rendered":"\n<p>Sehr geehrter Chef der Armee,<br>sehr geehrter Korpskommandant,<br>gesch\u00e4tzter Thomas<\/p>\n\n\n\n<p>Danke f\u00fcr die Dienstank\u00fcndigung vom 22. Februar 2024 bez\u00fcglich &#8220;Generalstabsoffiziersseminar 2024-1&#8221;. Ich beantrage in absteigender Priorit\u00e4t:<br>a) meine sofortige Inaktivierung gem\u00e4ss VMDP;<br>b) die Dispensation von den Generalstabsoffiziersseminaren;<br>c) die Verschiebung des Aufgebots ins Jahr 2025.<\/p>\n\n\n\n<p>Begr\u00fcndung:<\/p>\n\n\n\n<!--more-->\n\n\n\n<p>A) Aufgrund meiner ausserdienstlichen T\u00e4tigkeiten in den vergangenen 25 Jahren bin ich sehr gut \u00fcber die geo- und sicherheitspolitischen Vorg\u00e4nge auf der Welt und in der Schweiz im Besonderen informiert (siehe auch <a href=\"https:\/\/audiaturetalterapars.ch\/sipolwos\/\">hier<\/a>\u00a0\u2013 Ein Abo ist kostenlos!). Ich bin mit der &#8220;einnordenden&#8221; Einleitung im Schreiben (&#8220;Der russische Angriffskrieg gegen die Ukraine\u2026&#8221;) dezidiert nicht einverstanden und distanziere mich ausdr\u00fccklich von dieser verk\u00fcrzten Einsch\u00e4tzung. Eine Veranstaltung, die unter dieser Pr\u00e4misse durchgef\u00fchrt wird, liegt somit in ihrem AEK fundamental falsch. Detailfragen werden irrelevant.\u00a0<\/p>\n\n\n\n<p>B) Doch das Problem liegt noch tiefer: Die Schweiz hat ihre Neutralit\u00e4tspolitik aufgegeben, sich der &#8220;Regelbasierten Weltordnung&#8221; (man kann es auch &#8220;Doppelmoral&#8221; nennen) nach dem Gusto der USA verschrieben, n\u00e4hert sich kontinuierlich der NATO an und erlaubt sich keine eigenst\u00e4ndige, den Fakten verpflichtende Bedrohungs- und Lageanalyse, welche grundlegende und offensichtliche geopolitische Aspekte auch nur schon erw\u00e4hnt. Nachweislich kompetente Schweizer Analysten werden bewusst ausgeblendet. Um einen dieser Analysten zu zitieren: &#8220;Es scheint so, als habe die Schweiz sich vom gesunden Menschenverstand komplett losgesagt. [D]ie Schweiz wird ihr bereits angeschlagenen Renommee weiter sch\u00e4digen.&#8221; Dem Interesse der Schweiz als Nation dient dies alles nicht. Div Gustav D\u00e4niker l\u00e4sst vor Jahren sich so zitieren: &#8220;Wir haben alles richtig gemacht, aber in die falsche Richtung.&#8221; Denn die Fehlausrichtung ist offenbar politisch gew\u00fcnscht, reiht sie sich doch nahtlos an die Fehler der letzten 35 Jahre, welche die Armeef\u00fchrung zusammen mit der politischen F\u00fchrung der Schweiz zu verantworten hat. Die negativen Konsequenzen treten immer deutlicher zutage. Die Armee dient somit Kreisen, die als Landesverr\u00e4ter betitelt werden k\u00f6nnen. Zu dieser Armee will ich nicht geh\u00f6ren und diese Mitverantwortung will ich nicht tragen. Ich werde daher die Armee nicht weiter unterst\u00fctzen und &#8220;k\u00fcndige diese Freundschaft&#8221; auf.&nbsp;<\/p>\n\n\n\n<p>C) Meine kritischen Fragen, Empfehlungen und Bemerkungen sind nicht gew\u00fcnscht bzw. werden nicht zufriedenstellend bzw. nur ausweichend beantwortet. Ich kann daher keinen zielf\u00fchrenden Beitrag zur Verbesserung der Armee oder zum Seminar mehr leisten. Es ist somit f\u00fcr beide Seiten besser, wenn ich nicht zu den zwei Tagen aufgeboten werde und das Wohlf\u00fchlambiente mit meinen Fragen und Bemerkungen st\u00f6re. In der rein passiven, konsumierenden Rolle habe ich mich nie sehen k\u00f6nnen, bzw. zu den Ab- und Zunickern geh\u00f6re ich definitiv nicht. Auf eine Vorstellung &#8220;im falschen Film&#8221; habe ich weder Zeit noch Lust.<\/p>\n\n\n\n<p>D) Ich wurde dieses Jahr 50 Jahre alt und werde daher bald aus der Dienstpflicht entlassen. Diese beiden Diensttage verursachen Kosten auf Seite der Armee und bei mir. Ein Nutzen ist nicht erkennbar. Die zwei Tage sind daher weder Gewinn f\u00fcr mich noch f\u00fcr die Armee. Hier kann einfach und sinnvoll gespart werden.<\/p>\n\n\n\n<p>E) Ich wurde die vergangenen Jahre sowieso nicht mehr aufgeboten, was ich als Beweis anf\u00fchre, dass mein Beitrag nicht mehr gew\u00fcnscht bzw. von Relevanz ist. Auch eine Umteilung nach der Reorganisation der FUB fand nicht statt. Ein konsequenter Verzicht auf meine Person ist daher nur folgerichtig.&nbsp;<\/p>\n\n\n\n<p>siehe auch <a href=\"https:\/\/unbequemefragen.ch\/?p=1670\">hier<\/a><\/p>\n\n\n\n<p>Deshalb empfehle ich mit h\u00f6chster Priorit\u00e4t meinen Antrag a) und b): meine sofortige Inaktivierung gem\u00e4ss VMDP und damit die Dispensation von den Generalstabsoffiziersseminaren.<\/p>\n\n\n\n<p>Danke f\u00fcr die wohlwollende Pr\u00fcfung meines Gesuchs.<\/p>\n\n\n\n<p>Kameradschaftlich<br>MMM<\/p>\n","protected":false},"excerpt":{"rendered":"<p>Sehr geehrter Chef der Armee,sehr geehrter Korpskommandant,gesch\u00e4tzter Thomas Danke f\u00fcr die Dienstank\u00fcndigung vom 22. Februar 2024 bez\u00fcglich &#8220;Generalstabsoffiziersseminar 2024-1&#8221;. Ich beantrage in absteigender Priorit\u00e4t:a) meine sofortige Inaktivierung gem\u00e4ss VMDP;b) die Dispensation von den Generalstabsoffiziersseminaren;c) die Verschiebung des Aufgebots ins Jahr &hellip; <a href=\"https:\/\/unbequemefragen.ch\/?p=2235\">Continue reading <span class=\"meta-nav\">&rarr;<\/span><\/a><\/p>\n","protected":false},"author":1,"featured_media":0,"comment_status":"open","ping_status":"open","sticky":false,"template":"","format":"standard","meta":{"_jetpack_memberships_contains_paid_content":false,"footnotes":""},"categories":[1],"tags":[],"class_list":["post-2235","post","type-post","status-publish","format-standard","hentry","category-uncategorized"],"jetpack_featured_media_url":"","jetpack_sharing_enabled":true,"post_mailing_queue_ids":[],"_links":{"self":[{"href":"https:\/\/unbequemefragen.ch\/index.php?rest_route=\/wp\/v2\/posts\/2235","targetHints":{"allow":["GET"]}}],"collection":[{"href":"https:\/\/unbequemefragen.ch\/index.php?rest_route=\/wp\/v2\/posts"}],"about":[{"href":"https:\/\/unbequemefragen.ch\/index.php?rest_route=\/wp\/v2\/types\/post"}],"author":[{"embeddable":true,"href":"https:\/\/unbequemefragen.ch\/index.php?rest_route=\/wp\/v2\/users\/1"}],"replies":[{"embeddable":true,"href":"https:\/\/unbequemefragen.ch\/index.php?rest_route=%2Fwp%2Fv2%2Fcomments&post=2235"}],"version-history":[{"count":1,"href":"https:\/\/unbequemefragen.ch\/index.php?rest_route=\/wp\/v2\/posts\/2235\/revisions"}],"predecessor-version":[{"id":2236,"href":"https:\/\/unbequemefragen.ch\/index.php?rest_route=\/wp\/v2\/posts\/2235\/revisions\/2236"}],"wp:attachment":[{"href":"https:\/\/unbequemefragen.ch\/index.php?rest_route=%2Fwp%2Fv2%2Fmedia&parent=2235"}],"wp:term":[{"taxonomy":"category","embeddable":true,"href":"https:\/\/unbequemefragen.ch\/index.php?rest_route=%2Fwp%2Fv2%2Fcategories&post=2235"},{"taxonomy":"post_tag","embeddable":true,"href":"https:\/\/unbequemefragen.ch\/index.php?rest_route=%2Fwp%2Fv2%2Ftags&post=2235"}],"curies":[{"name":"wp","href":"https:\/\/api.w.org\/{rel}","templated":true}]}}