{"id":223,"date":"2008-10-30T19:49:39","date_gmt":"2008-10-30T17:49:39","guid":{"rendered":"http:\/\/mmexm.wordpress.com\/?p=223"},"modified":"2008-10-30T19:49:39","modified_gmt":"2008-10-30T17:49:39","slug":"sicherheit-gut-verpackt","status":"publish","type":"post","link":"https:\/\/unbequemefragen.ch\/?p=223","title":{"rendered":"Sicherheit gut verpackt"},"content":{"rendered":"<p>OK, die gute Tamara Raich sieht nicht nur aus wie Lara Croft bzw. Mrs. Smith, nein, sie hat offenbar auch die dazu passende Power: Sie ist Personensch\u00fctzerin. Im Interview mit Hugo Bigi auf <a href=\"http:\/\/www.telezueri.ch\/index.php?id=6815&amp;show_uid=5399&amp;yyyymm=2008.10&amp;cHash=41e7cc6580\">Tele Z\u00fcri<\/a> l\u00e4sst sie uns ein wenig teilhaben am Leben zwischen potentiell bleihaltiger Luft und der Welt der Reichen und Sch\u00f6nen. So weit, so gut.<\/p>\n<p>Interessant sind ihre Aussagen: Das Sicherheitsbusiness w\u00e4chst (wie sie selbst sagt &#8220;leider&#8221;) rasant und auch als Manager kann man bei ihr viel lernen f\u00fcr das Leben in so unsicheren Zeiten wie heute (&#8220;Herausforderung&#8221;). Sie habe in einem Trainingscamp viel gelernt.<\/p>\n<p>Das alles wird von Hugo Bigi in einer bewundernden Art kommentiert. Es gibt kaum kritische Fragen. Die Samthandschuhe passen perfekt. Der Charm der Weiblichkeit wirkt.<\/p>\n<p>Unsere Armee, die eigentlich allen pflichtigen und tauglichen B\u00fcrgern eine &#8211; wenn auch nicht in Israel oder mit israelischen Instruktoren durchgef\u00fchrte &#8211; milit\u00e4rische Grundausbildung und den Kadern eine anspruchsvolle F\u00fchrungsausbildung anbietet, stolpert derweil von einem PR-Fettnapf in den n\u00e4chsten. Nichts scheint momentan gut zu sein. Dabei w\u00e4re das Thema &#8220;Sicherheit&#8221; hoch aktuell.<\/p>\n<p>Ja, die Armee hat ein Image-Problem! Ober sich das mit den PR-Spezis l\u00f6sen l\u00e4sst? Ich zweifle&#8230;<\/p>\n","protected":false},"excerpt":{"rendered":"<p>OK, die gute Tamara Raich sieht nicht nur aus wie Lara Croft bzw. Mrs. Smith, nein, sie hat offenbar auch die dazu passende Power: Sie ist Personensch\u00fctzerin. Im Interview mit Hugo Bigi auf Tele Z\u00fcri l\u00e4sst sie uns ein wenig &hellip; <a href=\"https:\/\/unbequemefragen.ch\/?p=223\">Continue reading <span class=\"meta-nav\">&rarr;<\/span><\/a><\/p>\n","protected":false},"author":3,"featured_media":0,"comment_status":"open","ping_status":"open","sticky":false,"template":"","format":"standard","meta":{"_jetpack_memberships_contains_paid_content":false,"footnotes":""},"categories":[1],"tags":[21,75,89],"class_list":["post-223","post","type-post","status-publish","format-standard","hentry","category-uncategorized","tag-armee","tag-presse","tag-sicherheit"],"jetpack_featured_media_url":"","jetpack_sharing_enabled":true,"post_mailing_queue_ids":[],"_links":{"self":[{"href":"https:\/\/unbequemefragen.ch\/index.php?rest_route=\/wp\/v2\/posts\/223","targetHints":{"allow":["GET"]}}],"collection":[{"href":"https:\/\/unbequemefragen.ch\/index.php?rest_route=\/wp\/v2\/posts"}],"about":[{"href":"https:\/\/unbequemefragen.ch\/index.php?rest_route=\/wp\/v2\/types\/post"}],"author":[{"embeddable":true,"href":"https:\/\/unbequemefragen.ch\/index.php?rest_route=\/wp\/v2\/users\/3"}],"replies":[{"embeddable":true,"href":"https:\/\/unbequemefragen.ch\/index.php?rest_route=%2Fwp%2Fv2%2Fcomments&post=223"}],"version-history":[{"count":0,"href":"https:\/\/unbequemefragen.ch\/index.php?rest_route=\/wp\/v2\/posts\/223\/revisions"}],"wp:attachment":[{"href":"https:\/\/unbequemefragen.ch\/index.php?rest_route=%2Fwp%2Fv2%2Fmedia&parent=223"}],"wp:term":[{"taxonomy":"category","embeddable":true,"href":"https:\/\/unbequemefragen.ch\/index.php?rest_route=%2Fwp%2Fv2%2Fcategories&post=223"},{"taxonomy":"post_tag","embeddable":true,"href":"https:\/\/unbequemefragen.ch\/index.php?rest_route=%2Fwp%2Fv2%2Ftags&post=223"}],"curies":[{"name":"wp","href":"https:\/\/api.w.org\/{rel}","templated":true}]}}