{"id":1902,"date":"2022-07-04T21:48:33","date_gmt":"2022-07-04T20:48:33","guid":{"rendered":"https:\/\/unbequemefragen.ch\/?p=1902"},"modified":"2022-08-08T11:22:17","modified_gmt":"2022-08-08T10:22:17","slug":"der-ndb-ist-atlantisch-unterwandert-auf-einem-auge-komplett-blind-wahrend-das-andere-in-den-spiegel-schielt","status":"publish","type":"post","link":"https:\/\/unbequemefragen.ch\/?p=1902","title":{"rendered":"Der NDB ist atlantisch unterwandert: Auf einem Auge komplett blind w\u00e4hrend das andere in den Spiegel schielt"},"content":{"rendered":"\n<p>Am 27. Juni 2022 <a href=\"https:\/\/www.admin.ch\/gov\/de\/start\/dokumentation\/medienmitteilungen.msg-id-89472.html\">publizierte<\/a> der Nachrichtendienst des Bundes (NDB) seinen Bericht &#8220;Sicherheit Schweiz 2022&#8221; (<a href=\"https:\/\/www.newsd.admin.ch\/newsd\/message\/attachments\/72197.pdf\">PDF<\/a>). Seit ein paar Jahren wird darin ein &#8220;Lageradar&#8221; aufgef\u00fchrt, der &#8220;f\u00fcr die Schweiz relevanten Bedrohungen&#8221; aufzeigt. Je weiter ins Zentrum ein Strahl reicht, desto relevanter ist die Bedrohung f\u00fcr die Schweiz durch dieses Thema.<\/p>\n\n\n\n<figure class=\"wp-block-image size-large\"><a href=\"https:\/\/unbequemefragen.ch\/wp-content\/uploads\/2022\/06\/2022_Lageradar.jpg\"><img loading=\"lazy\" decoding=\"async\" width=\"1024\" height=\"908\" src=\"https:\/\/unbequemefragen.ch\/wp-content\/uploads\/2022\/06\/2022_Lageradar-1024x908.jpg\" alt=\"\" class=\"wp-image-1903\" srcset=\"https:\/\/unbequemefragen.ch\/wp-content\/uploads\/2022\/06\/2022_Lageradar-1024x908.jpg 1024w, https:\/\/unbequemefragen.ch\/wp-content\/uploads\/2022\/06\/2022_Lageradar-300x266.jpg 300w, https:\/\/unbequemefragen.ch\/wp-content\/uploads\/2022\/06\/2022_Lageradar-768x681.jpg 768w, https:\/\/unbequemefragen.ch\/wp-content\/uploads\/2022\/06\/2022_Lageradar.jpg 1498w\" sizes=\"auto, (max-width: 1024px) 100vw, 1024px\" \/><\/a><\/figure>\n\n\n\n<!--more-->\n\n\n\n<p>F\u00fcr das Jahr 2022 hat der NDB drei &#8220;Brennpunkte&#8221; ausgemacht :<\/p>\n\n\n\n<ul class=\"wp-block-list\"><li>Konventioneller Krieg in Europa<\/li><li>Russland<\/li><li>Migrationsrisiken<\/li><\/ul>\n\n\n\n<p>Interessanterweise fehlen Begriffe wie:<\/p>\n\n\n\n<ul class=\"wp-block-list\"><li>Pandemie (war da was die letzten 2 Jahre?)<\/li><li>Ukraine (war da was die letzten 8 Jahre?)<\/li><\/ul>\n\n\n\n<p>Punkte, die \u2013&nbsp;zumindest \u00f6ffentlich \u2013 nicht auf dem Radar sind, aber nach meiner Auffassung dringend aufzunehmen w\u00e4ren:<\/p>\n\n\n\n<ul class=\"wp-block-list\"><li>NATO Ost- und Norderweiterung und deren Folgen f\u00fcr die Sicherheit in Europa<\/li><li>Waffenproliferation durch abgezweigte Waffenhilfe des Westens an die Ukraine<\/li><li>Biowaffen (u.a. \u00fcber 40 &#8220;friedliche&#8221; Biolabore gab es alleine in der Ukraine)<\/li><li>Einfluss durch NGO auf die Innen- und Aussenpolitik (z.B. Gesundheitspolitik, Sicherheitspolitik, Bildungspolitik, Energiepolitik)<\/li><li>Eigene Massnahmen (z.B. Sanktionen), welche sich negativ auf die Sicherheit der Schweiz auswirken.<\/li><li>Tektonische Verschiebung der geopolitischen Weltlage: Abkehr der Unipolarit\u00e4t und Erstarken der Multipolarit\u00e4t.<\/li><li>Propaganda und staatlich gef\u00f6rderte Fake-News<\/li><li>Unterschiedliche Interessen innerhalb der EU<\/li><\/ul>\n\n\n\n<p>Alleine aufgrund der Themenauswahl l\u00e4sst sich erkennen, dass der Schweizer NDB atlantisch unterwandert ist. Themen, welche dem westlichen Narrativ zuwiderlaufen, d\u00fcrfen nicht in den Fokus r\u00fccken.<\/p>\n\n\n\n\n\n<h2 class=\"wp-block-heading\">Was sieht (sic!) der NDB?<\/h2>\n\n\n\n<p>Das ist nicht etwa mein Titel, sondern der Titel der n\u00e4chsten Abbildung:<\/p>\n\n\n\n<figure class=\"wp-block-image size-large\"><a href=\"https:\/\/unbequemefragen.ch\/wp-content\/uploads\/2022\/06\/2022_wassieht.jpg\"><img loading=\"lazy\" decoding=\"async\" width=\"1024\" height=\"810\" src=\"https:\/\/unbequemefragen.ch\/wp-content\/uploads\/2022\/06\/2022_wassieht-1024x810.jpg\" alt=\"\" class=\"wp-image-1905\" srcset=\"https:\/\/unbequemefragen.ch\/wp-content\/uploads\/2022\/06\/2022_wassieht-1024x810.jpg 1024w, https:\/\/unbequemefragen.ch\/wp-content\/uploads\/2022\/06\/2022_wassieht-300x237.jpg 300w, https:\/\/unbequemefragen.ch\/wp-content\/uploads\/2022\/06\/2022_wassieht-768x607.jpg 768w, https:\/\/unbequemefragen.ch\/wp-content\/uploads\/2022\/06\/2022_wassieht.jpg 1310w\" sizes=\"auto, (max-width: 1024px) 100vw, 1024px\" \/><\/a><\/figure>\n\n\n\n<p>Hier wird der atlantische Einfluss noch st\u00e4rker sichtbar, denn von einem neutralen Staat w\u00fcrde ich erwarten, dass er nicht einfach die Kernbotschaften der USA\/NATO \u00fcbernimmt, sondern die Lage <a href=\"https:\/\/overton-magazin.de\/krass-konkret\/stand-der-militaerischen-lage-in-der-ukraine-anfang-juni\/\">von mehreren Seiten betrachtet<\/a>. Aber da k\u00f6nnte man ja auf falsche Schl\u00fcsse kommen&#8230;<\/p>\n\n\n\n<p>Der NDB sieht die USA in der &#8220;Globalen F\u00fchrungsrolle&#8221;. Was heisst das auf Deutsch? <em>&#8220;Globales, imperiales Machtzentrum, welches auf alle Staaten Druck aus\u00fcbt, um seine eigenen Interessen auch unter Zuhilfenahme von geheimdienstlichen, wirtschaftlichen, non-governmentalen und milit\u00e4rischen Mitteln durchzusetzen. Staaten, die nicht den Herren in Washington dienen, werden als Schurkenstaaten gebrandmarkt, sanktioniert und allenfalls \u00fcber Dritte geschw\u00e4cht. Der Imperator verlangt von seinen Vasallen Tribut! Er hat das Zenit \u00fcberschritten und befindet sich im Kampf gegen den Bedeutungsverlust.&#8221;<\/em> \u2013&nbsp;aber das w\u00e4re zu lange und passte leider nicht in die Grafik&#8230;<\/p>\n\n\n\n<p>Europa wird betitelt mit &#8220;Verh\u00e4rtetes Russland und Chinabild&#8221;. Man h\u00e4tte aber auch schreiben k\u00f6nnen: <em>&#8220;Totale Unterwerfung unter den Willen der USA. Aufgabe der eigenen Souver\u00e4nit\u00e4t und des Willens, seinen V\u00f6lkern Sicherheit und Wohlstand zu gew\u00e4hrleisten. Williger B\u00fcrokratie-Molloch, der sich so sehr f\u00fcr seine kriegerische Vergangenheit sch\u00e4mt, dass er sie gerade wiederholt.&#8221;<\/em><\/p>\n\n\n\n<p>Russland wird derweils beschrieben mit &#8220;Isoliert und geschw\u00e4cht&#8221;. Diese Aussage hat im Kreml zu so einem Lachanfall gef\u00fchrt, dass alle Termine mit den \u00fcber 130 Staatsoberh\u00e4uptern, welche die aktuellen Sanktionen des Westens nicht unterst\u00fctzen, wegen der erh\u00f6hten Heiterkeit abgesagt werden mussten. Die Wirtschaft ist so geschw\u00e4cht, dass der Staatshaushalt seit Jahren \u00dcbersch\u00fcsse produziert und China und Indien gerade freudig den Handel mit Russland zulasten Europas ausbauen. Mein Vorschlag w\u00e4re: &#8220;Neue F\u00fchrungsmacht ohne Macht-All\u00fcren&#8221;. \u00c4hnliches kann man auch f\u00fcr China schreiben.<\/p>\n\n\n\n<p>Was die Schweiz mit der &#8220;zerst\u00f6rten europ\u00e4ischen Sicherheitsordnung&#8221; zu tun haben soll, erschliesst sich mir hier noch nicht. Doch man findet im Text Aussagen, welche eindeutig auf eine atlantische Ausrichtung hinweisen:  <\/p>\n\n\n\n<blockquote class=\"wp-block-quote is-layout-flow wp-block-quote-is-layout-flow\"><p>Die Schweiz hat jahrzehntelang von der europ\u00e4ischen Sicherheitsordnung<br>und der <strong>regelbasierten globalen Ordnung<\/strong> profitiert. [Hervorhebung durch Autor]<\/p><cite>Lagebericht, Seite 21<\/cite><\/blockquote>\n\n\n\n<p>Zur Erkl\u00e4rung: &#8220;regelbasiert&#8221; = Im Dienste der USA. Das Gegenteil von &#8220;v\u00f6lkerrechtlich verbindlich&#8221;. Mehr <a href=\"https:\/\/www.anti-spiegel.ru\/2022\/was-ist-eigentlich-die-regelbasierte-weltordnung-2\/\">hier<\/a>.<\/p>\n\n\n\n<p>Noch ein Schmankerl n\u00f6tig?<\/p>\n\n\n\n<blockquote class=\"wp-block-quote is-layout-flow wp-block-quote-is-layout-flow\"><p>Zus\u00e4tzlich f\u00fchrt Chinas Nullcovidpolitik f\u00fcr anhaltende Unterbr\u00fcche in den internationalen Wertsch\u00f6pfungs- und Lieferketten.<\/p><cite>Lagebericht, Seite 21<\/cite><\/blockquote>\n\n\n\n<p>Es sind nicht die sinnlosen, gef\u00e4hrlichen und kontraproduktiven Massnahmen des Westens gegen die angebliche Corona-Pandemie, welche internationale Wertsch\u00f6pfungs- und Lieferketten (mit) unterbrochen haben, sondern offenbar einzig und alleine die Chinesen, welche mit ihrer &#8220;Nullcovidpolitik&#8221; (was waren denn unsere Lockdowns?) die Verantwortung tragen.<\/p>\n\n\n\n<p>Der NDB sieht also nur in eine Richtung und verweigert das kritische Hinterfragen der eigenen Position bzw. der Position des Westens. Diese arrogante Haltung f\u00fchrt zwingend zu einem &#8220;<a href=\"https:\/\/unbequemefragen.ch\/?p=1212\" data-type=\"post\" data-id=\"1212\">geopolitischen Fehler 2. Art<\/a>&#8221; und wird mitverantwortlich sein f\u00fcr den Niedergang des Erfolgsmodells Schweiz.<\/p>\n\n\n\n<p>Wie ein guter Bericht aussehen k\u00f6nnte, zeigte diese Tage Oberst i Gst a D Jacques Baud <a href=\"https:\/\/overton-magazin.de\/krass-konkret\/stand-der-militaerischen-lage-in-der-ukraine-anfang-juni\/\">in seinem Beitrag<\/a> (sehr empfehlenswert!).<\/p>\n\n\n\n<hr class=\"wp-block-separator has-alpha-channel-opacity is-style-dots\"\/>\n\n\n\n<p>Es folgen ein paar Schlaglichter als Anhang:<\/p>\n\n\n\n\n\n<h2 class=\"wp-block-heading\">Das atlantische Russlandbild<\/h2>\n\n\n\n<p>Was in diesem Abschnitt alles weggelassen und komplett falsch wiedergegeben wird, geht auf keine Kuhhaut:<\/p>\n\n\n\n<blockquote class=\"wp-block-quote is-layout-flow wp-block-quote-is-layout-flow\"><p>Die Ukraine befindet sich seit 20 Jahren im Visier von Pr\u00e4sident Putins strategischer Vision. Die Orangene Revolution von 2004 liess diesem eine prowestliche Perspektive der Ukraine als wom\u00f6glich strahlkr\u00e4ftiges Gegenmodell zur russischen Autokratie erscheinen. 2014 eskalierte der russisch-ukrainische Konflikt mit der Annexion der Krim. Wie zu Sowjetzeiten soll die Ukraine fest in den russischen Machtbereich integriert werden. Pr\u00e4sident Putin ist dabei stark ideologisch getrieben: Er sieht den ukrainischen Staat als einen historischen Fehler und die ukrainische Nation als nichtexistent an; grosse Teile der Ukraine gelten ihm als historisch russisches Gebiet. Auch die geostrategische Lage der Ukraine ist ein Faktor: Russland will die Ukraine kontrollieren oder zumindest verhindern, dass diese sich seinem Einfluss entzieht und den westlichen Staaten ann\u00e4hert. Die Schwerindustrie im Osten des Landes ist zudem f\u00fcr Russland von wirtschaftlichem Interesse<\/p><cite>Lagebericht, Seite 22<\/cite><\/blockquote>\n\n\n\n<p>Jeder einzelne Satz ist hier falsch \u2013&nbsp;JEDER! Und das kommt von unserem NDB?!<\/p>\n\n\n\n\n\n<h2 class=\"wp-block-heading\">V\u00f6llig verzerrtes Russland-Bild<\/h2>\n\n\n\n<p>Was hier steht, sind keine Fakten, sondern Kernbotschaften, welche von den Presse \u00fcberall zu wiederholen sind:<\/p>\n\n\n\n<blockquote class=\"wp-block-quote is-layout-flow wp-block-quote-is-layout-flow\"><p>Russland zielt mit konkreten Schritten darauf ab, die Sicherheitsordnung in Europa in seinem Interesse neu zu gestalten: die Nato aus Osteuropa zu vertreiben, russische Einflusszonen zu sichern und Pufferzonen zu etablieren. Pr\u00e4sident Putin geht es aber vor allem darum, sich an der Macht zu halten. Infolge der Invasion in der Ukraine ist Russland wirtschaftlich und politisch stark isoliert worden. Im Innern reagierte das Putin-Regime mit weiteren Schritten in Richtung eines totalit\u00e4ren Staats; gegen aussen droht eine Versch\u00e4rfung des aggressiven, revisionistischen Kurses. Der Grossteil der russischen Macht- und Wirtschaftselite trug Pr\u00e4sident Putins Krieg in der Ukraine in den Wochen und Monaten nach Beginn der Invasion mit.<br><br>Die westlichen Sanktionen bedeuten eine wirtschaftliche, technologische und politische Isolation Russlands. Die russische Zentralbank kann nur noch auf rund ein Drittel ihrer Devisen- und Goldreserven im Wert von 650 Milliarden Dollar zugreifen, weil der Rest im westlich-freiheitlichen Ausland eingefroren worden ist. Das russische Bruttoinlandprodukt wird 2022 m\u00f6glicherweise im zweistelligen Prozentbereich einbrechen. Russland steht damit eine Rezession oder Depression bevor. Die Gazprombank wurde bislang nicht aus dem Swift-System ausgeschlossen. Die Sanktionen entfalteten noch keine regimegef\u00e4hrdende Wirkung.<br><br>Die Unterst\u00fctzung der breiten Bev\u00f6lkerung wird sich Pr\u00e4sident Putin dank Propaganda und Zensur sowie einem gezielt aufgebauten, loyalen Repressionsapparat sichern k\u00f6nnen, mit dem auch Proteste in St\u00e4dten rasch gewaltsam unterdr\u00fcckt werden. Ein Meinungsumschwung in der russischen Elite und Bev\u00f6lkerung gegen den Krieg in der Ukraine ist eher unwahrscheinlich, ebenso die Abkehr der russischen Sicherheitsorgane vom Putin-Regime.<br><\/p><cite>Lagebericht, Seite 28<\/cite><\/blockquote>\n\n\n\n<p>Nat\u00fcrlich ist es erlaubt, die Sicherheitsordnung im eigenen Interesse zu gestalten, das tut der Westen ja genauso. Und eine neutrale Pufferzone m\u00fcsste doch auch im Interesse des Westens liegen. Aber wieso expandiert dann die NATO weiter gegen Osten? Wie nahe will der Westen Russland noch kommen? <\/p>\n\n\n\n<p>Russland ist keineswegs wirtschaftlich isoliert \u2013&nbsp;aber die Ausrichtung hat sich nun ganz offiziell gegen Osten und den S\u00fcden verschoben. Russland hat mit dem Westen abgeschlossen. Man ignoriert ihn und k\u00fcmmert sich um die neuen Kunden, welche zudem einen noch viel gr\u00f6sseren Teil der Weltbev\u00f6lkerung ausmachen und viel Wachstum versprechen. Der Westen hat den wirtschaftlichen Zenit \u00fcberschritten.<\/p>\n\n\n\n<p>Auch politisch ist Russland nicht isoliert. \u00dcber 130 Staaten machen bei den Sanktionen nicht mit. <\/p>\n\n\n\n<p>Bei einer Zustimmungsrate von \u00fcber 80% braucht sich Putin keine Gedanken \u00fcber seinen &#8220;Machterhalt&#8221; zu machen. Er ist beliebter als je zuvor. Eher macht man sich Sorgen, was nach Putin kommen w\u00fcrde. <\/p>\n\n\n\n<p>Faszinierend ist v.a. dieser Satz: &#8220;<em>Die russische Zentralbank kann nur noch auf rund ein Drittel ihrer Devisen- und Goldreserven im Wert von 650 Milliarden Dollar zugreifen, weil der Rest <strong>im westlich-freiheitlichen [sic!!!] Ausland eingefroren<\/strong> worden ist<\/em>&#8220;. Ob die Verm\u00f6genswerte wieder zur\u00fcckgegeben werden, steht in den Sternen. Eher will man gleich alles konfiszieren oder eben stehlen. Sind das die Werte des &#8220;freiheitlichen&#8221; Westens? <\/p>\n\n\n\n<p>Das BIP d\u00fcrfte eher zulegen, weil die Preissteigerungen sich positiv auf den Gewinn der Rohstoffe auswirkt. Eher steht der Westen, v.a. Europa, aufgrund seiner v\u00f6llig kontraproduktiven Sanktionen vor einer Rezession oder Depression! Ohne g\u00fcnstiges Gas und Oel gehen in der europ\u00e4ischen Industrie die Lichter aus. Das Fazit des NDB: &#8220;<em>Die Sanktionen entfalteten noch keine regimegef\u00e4hrdende Wirkung.<\/em>&#8221; Das t\u00f6nt nach: Sozialismus w\u00fcrde funktionieren, wir haben ihn aber noch nicht richtig umgesetzt. Also mehr davon!?<\/p>\n\n\n\n<p>&#8220;<em>Die Unterst\u00fctzung der breiten Bev\u00f6lkerung wird sich Pr\u00e4sident Putin dank Propaganda und Zensur<\/em>&#8221; \u2013 Wie bitte? Wer zensuriert denn wie wild? Der Westen! Beispiele <a href=\"https:\/\/www.anti-spiegel.ru\/2022\/die-eu-kommission-verschaerft-die-zensur-im-netz\/\">hier<\/a>, <a href=\"https:\/\/www.anti-spiegel.ru\/2022\/die-eu-kommission-empfiehlt-den-eu-staaten-verstaerkte-zensur\/\">hier<\/a> und <a href=\"https:\/\/www.anti-spiegel.ru\/2022\/meinungsfreiheit-deutsche-staatsanwaltschaft-ermittelt-gegen-alina-lipp\/\">hier<\/a>. Und in Sachen Propaganda gewinnt der Westen \u00fcber Russland mit 100:0! <\/p>\n\n\n\n<p>Doch es kommt noch besser:<\/p>\n\n\n\n<blockquote class=\"wp-block-quote is-layout-flow wp-block-quote-is-layout-flow\"><p>Dennoch ist der Kriegsverlauf f\u00fcr das Putin-Regime alles andere als ermutigend. Das urspr\u00fcngliche politische Ziel, die Ukraine ins russische Imperium zur\u00fcckzuholen, ist durch den Krieg l\u00e4ngst ausser Reichweite geraten.<\/p><cite>Lagebericht, Seite 29<\/cite><\/blockquote>\n\n\n\n<p>Wann und wo hat Putin oder der Kreml je ein solches politisches Ziel genannt? Wieso soll die gesamte, heruntergewirtschaftete Ukraine, welche es in 30 Jahren &#8220;Unabh\u00e4ngigkeit&#8221; nicht geschafft hat, einigermassen nach oben zu kommen, wieso soll man an diesem milliardenverschlingenden Land Interesse haben?<\/p>\n\n\n\n<p>Der Kriegsverlauf ist \u2013&nbsp;entgegen dieser Einsch\u00e4tzung \u2013 sehr ermutigend. Langsam und mit Bedacht gewinnen die Alliierten den Donbas zur\u00fcck und sch\u00fctzen die russischst\u00e4mmige Bev\u00f6lkerung. <\/p>\n\n\n\n<blockquote class=\"wp-block-quote is-layout-flow wp-block-quote-is-layout-flow\"><p>Auch das Risiko einer nuklearen Eskalation ist gestiegen \u2013 auch wenn der<br>NDB den Einsatz russischer Nuklearwaffen gegen westliche Staaten nach wie vor f\u00fcr \u00e4usserst unwahrscheinlich h\u00e4lt, da dies <strong>wohl nur im Fall einer von der russischen F\u00fchrung als existenziell wahrgenommenen Bedrohung infrage k\u00e4me<\/strong>.<\/p><cite>Lagebericht, Seite 30<\/cite><\/blockquote>\n\n\n\n<p>Ach, und deshalb will man Russland noch mehr provozieren, indem man Waffen in den Osten verschiebt und neue Mitglieder im Norden aufnimmt? Wieso tut der Westen alles, um diesen Fall immer wahrscheinlicher zu machen? Wo bleibt die Deeskalation? Nein, man r\u00fcstet auf:<\/p>\n\n\n\n<blockquote class=\"wp-block-quote is-layout-flow wp-block-quote-is-layout-flow\"><p>Die erh\u00f6hte Milit\u00e4rpr\u00e4senz der USA und anderer westlicher Staaten an der Ostflanke markiert den Beginn eines signifikant glaubw\u00fcrdigeren Abschreckungs- und Verteidigungsdispositivs der Nato.<\/p><cite>Lagebericht, Seite 30<\/cite><\/blockquote>\n\n\n\n<p>Bisher war es also nicht glaubw\u00fcrdig genug? Wie war das nochmals weiter oben? <\/p>\n\n\n\n\n\n<h2 class=\"wp-block-heading\">Links\/Rechts: Propaganda entlarvt<\/h2>\n\n\n\n<p>Betrachten wir zuerst diesen Satz aus dem Absatz <strong>&#8220;gewaltt\u00e4tiger Links- und Rechtsextremismus&#8221;<\/strong>:<\/p>\n\n\n\n<blockquote class=\"wp-block-quote is-layout-flow wp-block-quote-is-layout-flow\"><p>W\u00e4hrend beim Rechtsextremismus die Anzahl sich gegen\u00fcber 2020 erh\u00f6ht hat, blieb sie beim Linksextremismus auf hohem Niveau stabil. <\/p><cite>Lagebericht, Seite 49<\/cite><\/blockquote>\n\n\n\n<p>Wir merken uns: Linksextremismus &#8220;stabil&#8221;, Rechtsextremismus hat sich &#8220;erh\u00f6ht&#8221;. Was ist also schlimmer? Klar, der Rechtsextremismus! Faszinierend, dass man nicht noch geschrieben hat, dass sich der gewaltbereite Rechtsextremismus um 200% erh\u00f6ht hat \u2013&nbsp;DAS w\u00e4re eine Schlagzeile wert!<\/p>\n\n\n\n<p>Doch dann die Fakten:<\/p>\n\n\n\n<blockquote class=\"wp-block-quote is-layout-flow wp-block-quote-is-layout-flow\"><p>Die Anzahl Gewalttaten belief sich beim Linksextremismus auf <strong>81<\/strong>, beim Rechtsextremismus <strong>stieg die Anzahl<\/strong> mit Gewalt verbundener Ereignisse <strong>auf 3<\/strong>.<\/p><cite>Lagebericht, Seite 49<\/cite><\/blockquote>\n\n\n\n<p>Wie bitte? Der gewaltbereite Linksextremismus ist also 27x so h\u00e4ufig als der gewaltbereite Rechtsextremismus. Und h\u00e4tte sich der gewaltbereite Rechtsextremismus nicht um 200% erh\u00f6ht (von 1 auf 3), w\u00e4re das Verh\u00e4ltnis 40:1. Im Jahr 2020 war das Verh\u00e4ltnis \u00fcbrigens effektiv 107:1<\/p>\n\n\n\n<p>Aha&#8230;!<\/p>\n\n\n\n\n\n<h2 class=\"wp-block-heading\">Neue Bedrohungen: Von der Regierung abweichende Meinungen<\/h2>\n\n\n\n<blockquote class=\"wp-block-quote is-layout-flow wp-block-quote-is-layout-flow\"><p>Die Bedrohung durch den gewaltt\u00e4tigen monothematischen Extremismus hat im Jahr 2021 zugenommen, insbesondere durch den gewaltt\u00e4tigen Coronaextremismus. Gewaltt\u00e4tige Coronaextremistinnen und -extremisten halten s\u00e4mtliche beh\u00f6rdlichen Massnahmen zur Bek\u00e4mpfung der Covid-19-Pandemie f\u00fcr unrechtm\u00e4ssig und bek\u00e4mpfen diese weiterhin, obwohl sie mittlerweile in der Schweiz mit der R\u00fcckkehr in die normale Lage gem\u00e4ss Epidemiengesetz aufgehoben wurden. Innerhalb der Szene gibt es unterschiedliche Gr\u00fcnde f\u00fcr diese Ablehnung: W\u00e4hrend einige Personen die Existenz des Virus g\u00e4nzlich in Frage stellen, gehen andere davon aus, dass die Pandemie geplant wurde. Andere sind lediglich der Ansicht, dass die Massnahmen sch\u00e4dlicher sind als die Pandemie an sich und deshalb gestoppt werden m\u00fcssen. Innerhalb der Szene kursiert zudem eine Vielzahl unterschiedlicher Verschw\u00f6rungstheorien, die ins jeweilige Narrativ eingebunden werden. Einig ist sich die Szene darin, dass der Bundesrat zu viel Macht und sich die Schweiz zu einer Diktatur entwickelt hat, die zerst\u00f6rt werden muss. Die gewaltt\u00e4tigen Coronaextremistinnen und -extremisten sehen sich als Widerstandsk\u00e4mpfer gegen diese Diktatur und glauben oft, dass Gewalt die einzige M\u00f6glichkeit sei, wieder in die Normalit\u00e4t zur\u00fcckzukehren. Sie k\u00f6nnen weder dem gewaltt\u00e4tigen Links- noch dem gewaltt\u00e4tigen Rechtsextremismus zugeordnet werden.<\/p><cite>Lagebericht, Seite 51<\/cite><\/blockquote>\n\n\n\n<p>Jetzt wird&#8217;s gruselig. Wann und wo gab es denn diesen &#8220;gewaltt\u00e4tigen Coronaextremismus&#8221;? Wo bleibt in diesem Bericht der Verweis auf die Quellen, Statistiken und Listen solcher gewaltt\u00e4tigen Ereignisse? <\/p>\n\n\n\n<p>Zudem darf man fragen: F\u00fcr WEN sind diese Personen mit ihren Meinungen eine Bedrohung? F\u00fcr die B\u00fcrokratie und die Regierung oder f\u00fcr die Schweiz an und f\u00fcr sich? <\/p>\n\n\n\n\n\n<h2 class=\"wp-block-heading\">Biologiewaffen \u2013 War da was?<\/h2>\n\n\n\n<p>Bei diesem Thema beginnt der NDB zu tr\u00e4umen:<\/p>\n\n\n\n<blockquote class=\"wp-block-quote is-layout-flow wp-block-quote-is-layout-flow\"><p>Die Covid-19-Pandemie zeigt eindr\u00fccklich das disruptive Potenzial eines viralen Erregers f\u00fcr Wirtschaft und Gesellschaft auf. Neue Technologien wie mRNA-Impfstoffe erlauben es, einen biologischen Angriff so vorzubereiten, dass die eigene Seite vorg\u00e4ngig ausreichend gesch\u00fctzt wird. Dies gilt nicht nur f\u00fcr Menschen, sondern zum Beispiel auch f\u00fcr den Agrarsektor. Die Attribution eines solchen Angriffs wird \u00e4hnlich schwerfallen wie im Cyberbereich.<\/p><cite>Lagebericht, Seite 60<\/cite><\/blockquote>\n\n\n\n<p>Oh, es gibt ein &#8220;disruptives Potenzial&#8221;? Seit wann ist die Natur disruptiv und nicht mehr evolution\u00e4r? Oder kommt die Disruption etwa aus den vielen US-Forschungslabors? <\/p>\n\n\n\n<p>Fantastisch auch die leere Behauptung, dass dank der mRNA-&#8220;Impfstoffe&#8221; man sich auf Bedrohungen wappnen kann, die gar noch nicht existieren! Oder geht diese Forschung Hand in Hand: W\u00e4hrend die einen den Wirkstoff entwickeln, wird parallel das Gegengift produziert? Wie soll das gehen?<\/p>\n\n\n\n<p>Und wieso wird hier extra der Agrarsektor erw\u00e4hnt? Geht es hier um die Legitimierung der genver\u00e4nderten Produkte?<\/p>\n\n\n\n<p>Geht es hier nun um k\u00fcnstlich geschaffene Erreger oder nat\u00fcrliche?<\/p>\n\n\n\n<p>Wieso soll die Attribution schwerfallen? Wissen wir nicht, wer an solchen Erregern forscht? Darf ich den NDB auf eine F\u00e4hrte f\u00fchren? Was tun die vielen &#8220;friedlichen&#8221;, vom Pentagon gesponserten Biolabore der USA in der ganzen Welt? H\u00e4tte man nicht auch die Erkenntnisse der Russen aus den gefundenen Dokumenten in der Ukraine in den Bericht einfliessen lassen m\u00fcssen? Wieso wird dies komplett verschwiegen?<\/p>\n\n\n\n<p>Stattdessen f\u00fchrt man den Iran und Nord-Korea auf \u2013 also die \u00fcblichen Verd\u00e4chtigen. <\/p>\n\n\n\n\n\n<h2 class=\"wp-block-heading\">Westliche Illusionen, unkritisches Selbstbild<\/h2>\n\n\n\n<p>Der Lagebericht l\u00e4sst sich also kurz zusammenfassen. Er folgt den westlichen Illusionen und einem atlantischen Narrativ w\u00e4hrend er ein unkritisches Selbstbild pflegt. Er ist daher als Grundlagendokument nicht brauchbar und in seiner Konsequenz f\u00fcr die Schweiz gef\u00e4hrlich.<\/p>\n\n\n\n<h2 class=\"wp-block-heading\"><em>Nachtrag<\/em><\/h2>\n\n\n\n<p>In diesem Zusammenhang verweise ich auf die Analyse von Col EMG aD Jacques Baud in <a href=\"https:\/\/apolut.net\/im-gespraech-jacques-baud\/\">diesem Interview<\/a> (ab 1:12:10). Er best\u00e4tigt eindr\u00fccklich, dass die wahren Gr\u00fcnde NICHT bei der Politik gew\u00fcnscht sind, weil aus wirtschaftlichen Gr\u00fcnden man den atlantischen Herren nicht verstimmen will. Man hat Angst vor den Reaktionen, den Sanktionen. Das spricht eindr\u00fccklich daf\u00fcr, dass die Schweiz kein souver\u00e4ner Staat ist. Leider.<\/p>\n","protected":false},"excerpt":{"rendered":"<p>Am 27. Juni 2022 publizierte der Nachrichtendienst des Bundes (NDB) seinen Bericht &#8220;Sicherheit Schweiz 2022&#8221; (PDF). Seit ein paar Jahren wird darin ein &#8220;Lageradar&#8221; aufgef\u00fchrt, der &#8220;f\u00fcr die Schweiz relevanten Bedrohungen&#8221; aufzeigt. Je weiter ins Zentrum ein Strahl reicht, desto &hellip; <a href=\"https:\/\/unbequemefragen.ch\/?p=1902\">Continue reading <span class=\"meta-nav\">&rarr;<\/span><\/a><\/p>\n","protected":false},"author":1,"featured_media":0,"comment_status":"open","ping_status":"open","sticky":false,"template":"","format":"standard","meta":{"_jetpack_memberships_contains_paid_content":false,"footnotes":""},"categories":[61,5,6,96],"tags":[157,137,85,89,142],"class_list":["post-1902","post","type-post","status-publish","format-standard","hentry","category-medien","category-militar","category-politik","category-staat","tag-ndb","tag-politik","tag-schweiz","tag-sicherheit","tag-staat"],"jetpack_featured_media_url":"","jetpack_sharing_enabled":true,"post_mailing_queue_ids":[],"_links":{"self":[{"href":"https:\/\/unbequemefragen.ch\/index.php?rest_route=\/wp\/v2\/posts\/1902","targetHints":{"allow":["GET"]}}],"collection":[{"href":"https:\/\/unbequemefragen.ch\/index.php?rest_route=\/wp\/v2\/posts"}],"about":[{"href":"https:\/\/unbequemefragen.ch\/index.php?rest_route=\/wp\/v2\/types\/post"}],"author":[{"embeddable":true,"href":"https:\/\/unbequemefragen.ch\/index.php?rest_route=\/wp\/v2\/users\/1"}],"replies":[{"embeddable":true,"href":"https:\/\/unbequemefragen.ch\/index.php?rest_route=%2Fwp%2Fv2%2Fcomments&post=1902"}],"version-history":[{"count":15,"href":"https:\/\/unbequemefragen.ch\/index.php?rest_route=\/wp\/v2\/posts\/1902\/revisions"}],"predecessor-version":[{"id":1959,"href":"https:\/\/unbequemefragen.ch\/index.php?rest_route=\/wp\/v2\/posts\/1902\/revisions\/1959"}],"wp:attachment":[{"href":"https:\/\/unbequemefragen.ch\/index.php?rest_route=%2Fwp%2Fv2%2Fmedia&parent=1902"}],"wp:term":[{"taxonomy":"category","embeddable":true,"href":"https:\/\/unbequemefragen.ch\/index.php?rest_route=%2Fwp%2Fv2%2Fcategories&post=1902"},{"taxonomy":"post_tag","embeddable":true,"href":"https:\/\/unbequemefragen.ch\/index.php?rest_route=%2Fwp%2Fv2%2Ftags&post=1902"}],"curies":[{"name":"wp","href":"https:\/\/api.w.org\/{rel}","templated":true}]}}