{"id":165,"date":"2008-09-28T13:38:41","date_gmt":"2008-09-28T11:38:41","guid":{"rendered":"http:\/\/mmexm.wordpress.com\/?p=165"},"modified":"2008-09-28T13:38:41","modified_gmt":"2008-09-28T11:38:41","slug":"stort-meine-kreise-nicht","status":"publish","type":"post","link":"https:\/\/unbequemefragen.ch\/?p=165","title":{"rendered":"St\u00f6rt meine Kreise nicht!"},"content":{"rendered":"<p>Fulvio Pelli, Pr\u00e4sident der FDP macht deutlich, unter welchen Umst\u00e4nden die SVP wieder in die Regierung zur\u00fcck kommen d\u00fcrfe:<\/p>\n<blockquote><p>\u00abKommt die SVP mit einem unw\u00e4hlbaren Kandidaten, heisst das, dass sie nicht in den Bundesrat will.\u00bb<br \/>\n\u00abDie SVP muss verl\u00e4sslich erkl\u00e4ren, dass sie Regierungsverantwortung \u00fcbernehmen will und nicht Opposition betreibt\u00bb<br \/>\nQuelle: <a href=\"http:\/\/www.nzz.ch\/nachrichten\/schweiz\/ultimatum_an_die_svp_1.939274.html\">NZZ<\/a><\/p><\/blockquote>\n<p>Exponenten von anderen Parteien, allen voran der Walliser der CVP, schieben weitere Auflagen nach. Was heisst das nun konkret?<\/p>\n<p><strong>Die SVP darf nicht mehr politisieren, wie es ihr gef\u00e4llt. Sie hat die Positionen der anderen Parteien zu \u00fcbernehmen. Eine andere Meinung ist in der Regierung nicht gefragt. <\/strong><\/p>\n<p><strong>Nur als \u201dkastrierte SVP&#8221; hat sie Chancen, sich mit einer schwachen Figur wieder in den Bundesrat einbinden zu lassen.<br \/>\n<\/strong><br \/>\nWill die SVP das und wird sie auf diesen Kuhhandel eingehen? Wohl kaum. Sie wird gen\u00fcsslich jede Niederlage mit einem Christoph Blocher wegstecken. Jede Niederlage ist insgeheim ein Sieg f\u00fcr die Partei. An den n\u00e4chsten Wahlen tritt sie mit dem Slogen &#8220;Blocher in den Bundesrat &#8211; w\u00e4hlt SVP&#8221; auf und gewinnt einmal mehr W\u00e4hler hinzu.<\/p>\n<p>Der Verlockungen eines Bundesratssitzes sollte sie nicht nachgeben &#8211; Kurs halten!<\/p>\n","protected":false},"excerpt":{"rendered":"<p>Fulvio Pelli, Pr\u00e4sident der FDP macht deutlich, unter welchen Umst\u00e4nden die SVP wieder in die Regierung zur\u00fcck kommen d\u00fcrfe: \u00abKommt die SVP mit einem unw\u00e4hlbaren Kandidaten, heisst das, dass sie nicht in den Bundesrat will.\u00bb \u00abDie SVP muss verl\u00e4sslich erkl\u00e4ren, &hellip; <a href=\"https:\/\/unbequemefragen.ch\/?p=165\">Continue reading <span class=\"meta-nav\">&rarr;<\/span><\/a><\/p>\n","protected":false},"author":3,"featured_media":0,"comment_status":"open","ping_status":"open","sticky":false,"template":"","format":"standard","meta":{"_jetpack_memberships_contains_paid_content":false,"footnotes":""},"categories":[1],"tags":[137,85,103],"class_list":["post-165","post","type-post","status-publish","format-standard","hentry","category-uncategorized","tag-politik","tag-schweiz","tag-svp"],"jetpack_featured_media_url":"","jetpack_sharing_enabled":true,"post_mailing_queue_ids":[],"_links":{"self":[{"href":"https:\/\/unbequemefragen.ch\/index.php?rest_route=\/wp\/v2\/posts\/165","targetHints":{"allow":["GET"]}}],"collection":[{"href":"https:\/\/unbequemefragen.ch\/index.php?rest_route=\/wp\/v2\/posts"}],"about":[{"href":"https:\/\/unbequemefragen.ch\/index.php?rest_route=\/wp\/v2\/types\/post"}],"author":[{"embeddable":true,"href":"https:\/\/unbequemefragen.ch\/index.php?rest_route=\/wp\/v2\/users\/3"}],"replies":[{"embeddable":true,"href":"https:\/\/unbequemefragen.ch\/index.php?rest_route=%2Fwp%2Fv2%2Fcomments&post=165"}],"version-history":[{"count":0,"href":"https:\/\/unbequemefragen.ch\/index.php?rest_route=\/wp\/v2\/posts\/165\/revisions"}],"wp:attachment":[{"href":"https:\/\/unbequemefragen.ch\/index.php?rest_route=%2Fwp%2Fv2%2Fmedia&parent=165"}],"wp:term":[{"taxonomy":"category","embeddable":true,"href":"https:\/\/unbequemefragen.ch\/index.php?rest_route=%2Fwp%2Fv2%2Fcategories&post=165"},{"taxonomy":"post_tag","embeddable":true,"href":"https:\/\/unbequemefragen.ch\/index.php?rest_route=%2Fwp%2Fv2%2Ftags&post=165"}],"curies":[{"name":"wp","href":"https:\/\/api.w.org\/{rel}","templated":true}]}}