{"id":163,"date":"2008-09-28T13:01:23","date_gmt":"2008-09-28T11:01:23","guid":{"rendered":"http:\/\/mmexm.wordpress.com\/?p=163"},"modified":"2008-09-28T13:01:23","modified_gmt":"2008-09-28T11:01:23","slug":"populisten","status":"publish","type":"post","link":"https:\/\/unbequemefragen.ch\/?p=163","title":{"rendered":"Populisten"},"content":{"rendered":"<p>Heute finden in verschiedenen Gebieten in unserer N\u00e4he Wahlen statt: Oesterreich, Bayern aber auch in der Schweiz.  Was mir vorhin im Radio aufgefallen ist: Man spricht von &#8220;Oskar Lafontaine&#8221; und vom &#8220;Rechtspopulisten Haider&#8221;. Populismus hat bekanntlich einen negativen Beigeschmack. Also schnell nachgesehen, was man darunter versteht. <a href=\"http:\/\/de.wikipedia.org\/wiki\/Populismus\">Wikipedia<\/a> meint:<\/p>\n<blockquote><p><strong>Populismus<\/strong> (v. <a title=\"Latein\" href=\"http:\/\/de.wikipedia.org\/wiki\/Latein\">lat.<\/a>: <em>populus<\/em> = <a title=\"Volk\" href=\"http:\/\/de.wikipedia.org\/wiki\/Volk\">Volk<\/a>) bezeichnet eine um \u201eVolksn\u00e4he\u201c bem\u00fchte Politik, die Unzufriedenheit, \u00c4ngste und aktuelle Konflikte f\u00fcr ihre Zwecke instrumentalisiert, an Instinkte appelliert und einfache L\u00f6sungen propagiert, wobei verantwortungsethische Gesichtspunkte und Aspekte der praktischen Realisierbarkeit weitgehend au\u00dfer acht gelassen werden. Populistische Bewegungen entstehen in Phasen raschen gesellschaftlichen Wandels und sind h\u00e4ufig an eine charismatische Pers\u00f6nlichkeit gebunden. [&#8230;]<\/p>\n<p>Daneben definieren einige Politikwissenschaftler Populismus nicht als eine Form der Politik, die mit unrealistischen, aber popul\u00e4ren Versprechungen versucht, kurzfristig ein Maximum an W\u00e4hlerstimmen zu mobilisieren, da diese eher als <em>Opportunismus<\/em> zu definieren sei. Ebenso wenig habe Populismus mit dem Wunsch nach kurzfristiger Popularit\u00e4t zu tun, sondern sei vielmehr von dem Wunsch gepr\u00e4gt, dauerhaft eine bestimmte Konfliktlinie im politischen Feld zu etablieren. [&#8230;]<\/p>\n<p>Zielgruppe des Populismus sind in der Regel soziale Schichten und gesellschaftliche Gruppen, die sich durch die bestehende gesellschaftliche, wirtschaftliche und politische Ordnung oder ihre Entwicklung benachteiligt sehen.<\/p><\/blockquote>\n<p>OK, und warum ist nun Oskar Lafontaine kein &#8220;Links-Populist&#8221;? Oder wieso misst unser Staatsradio nicht mit den selben Ellen?<\/p>\n","protected":false},"excerpt":{"rendered":"<p>Heute finden in verschiedenen Gebieten in unserer N\u00e4he Wahlen statt: Oesterreich, Bayern aber auch in der Schweiz. Was mir vorhin im Radio aufgefallen ist: Man spricht von &#8220;Oskar Lafontaine&#8221; und vom &#8220;Rechtspopulisten Haider&#8221;. Populismus hat bekanntlich einen negativen Beigeschmack. Also &hellip; <a href=\"https:\/\/unbequemefragen.ch\/?p=163\">Continue reading <span class=\"meta-nav\">&rarr;<\/span><\/a><\/p>\n","protected":false},"author":3,"featured_media":0,"comment_status":"open","ping_status":"open","sticky":false,"template":"","format":"standard","meta":{"_jetpack_memberships_contains_paid_content":false,"footnotes":""},"categories":[1],"tags":[141,137,111],"class_list":["post-163","post","type-post","status-publish","format-standard","hentry","category-uncategorized","tag-medien","tag-politik","tag-wahlen"],"jetpack_featured_media_url":"","jetpack_sharing_enabled":true,"post_mailing_queue_ids":[],"_links":{"self":[{"href":"https:\/\/unbequemefragen.ch\/index.php?rest_route=\/wp\/v2\/posts\/163","targetHints":{"allow":["GET"]}}],"collection":[{"href":"https:\/\/unbequemefragen.ch\/index.php?rest_route=\/wp\/v2\/posts"}],"about":[{"href":"https:\/\/unbequemefragen.ch\/index.php?rest_route=\/wp\/v2\/types\/post"}],"author":[{"embeddable":true,"href":"https:\/\/unbequemefragen.ch\/index.php?rest_route=\/wp\/v2\/users\/3"}],"replies":[{"embeddable":true,"href":"https:\/\/unbequemefragen.ch\/index.php?rest_route=%2Fwp%2Fv2%2Fcomments&post=163"}],"version-history":[{"count":0,"href":"https:\/\/unbequemefragen.ch\/index.php?rest_route=\/wp\/v2\/posts\/163\/revisions"}],"wp:attachment":[{"href":"https:\/\/unbequemefragen.ch\/index.php?rest_route=%2Fwp%2Fv2%2Fmedia&parent=163"}],"wp:term":[{"taxonomy":"category","embeddable":true,"href":"https:\/\/unbequemefragen.ch\/index.php?rest_route=%2Fwp%2Fv2%2Fcategories&post=163"},{"taxonomy":"post_tag","embeddable":true,"href":"https:\/\/unbequemefragen.ch\/index.php?rest_route=%2Fwp%2Fv2%2Ftags&post=163"}],"curies":[{"name":"wp","href":"https:\/\/api.w.org\/{rel}","templated":true}]}}