{"id":1618,"date":"2021-08-22T14:39:35","date_gmt":"2021-08-22T13:39:35","guid":{"rendered":"https:\/\/unbequemefragen.ch\/?p=1618"},"modified":"2022-04-08T23:15:31","modified_gmt":"2022-04-08T22:15:31","slug":"f-35-diskurs-auf-unterschiedlicher-flughohe","status":"publish","type":"post","link":"https:\/\/unbequemefragen.ch\/?p=1618","title":{"rendered":"Beschaffung von F-35 und Patriot \u2013\u00a0ein (weiterer) Schuss ins Knie \u2013\u00a0oder: Diskurs auf unterschiedlicher Flugh\u00f6he"},"content":{"rendered":"\n<p>Wie ich schon fr\u00fcher dargelegt habe, befinde ich mich bei der Schweizer &#8220;Sicherheitspolitik&#8221; in einer fast aussichtslosen Lage. Bei der <a href=\"https:\/\/unbequemefragen.ch\/?p=1420\">Abstimmung \u00fcber neue Kampfflugzeuge<\/a> konnte ich weder mit Ja noch mit Nein stimmen: Ich musste leer einlegen. Jetzt, wo es konkret wurde, ist die Lage nicht besser.<\/p>\n\n\n\n<p>Seit dem Entscheid des Bundesrats f\u00fcr den F-35 als n\u00e4chsten helvetischen Jet zur Sicherung des Schweizer Luftraums \u2013&nbsp;aber auch schon in geringerem Masse zuvor \u2013&nbsp;steht die Beschaffung im medialen und politischen Kreuzfeuer. Die Fronten scheinen auf den ersten Blick klar: In der linken Ecke die Armeeabschaffer, die gar keinen Flieger (oder nur einen leichten Flieger f\u00fcr die eher zivilen Aufgaben) m\u00f6chten. In der rechten Ecke die &#8220;Armeefreunde&#8221;: VBS-Angestellten, Offiziersvereine und b\u00fcrgerlichen Politiker.<\/p>\n\n\n\n<p>Nat\u00fcrlich sprechen auch technische Aspekte gegen den F-35. Kein Flugzeug leistet auf Anhieb all das Versprochene. Doch die Armeefreunde beteuern, dieses Mal sei die Beschaffung korrekt verlaufen und es habe der &#8220;richtige&#8221; Flieger gewonnen. armasuisse legt dar: &#8220;<a href=\"https:\/\/www.vbs.admin.ch\/de\/home.detail.news.html\/vbs-internet\/wissenswertes\/2021\/210817a.html\">Neue Kampfflugzeuge: Bewertung der Kandidaten mit der AHP-Methode<\/a>&#8221; und &#8220;<a href=\"https:\/\/www.ar.admin.ch\/content\/ar-internet\/de\/home.detail.nsb.html\/84409.html\">Verbindlichkeit der Offerte f\u00fcr den F-35A als neues Kampfflugzeug<\/a>&#8220;. Der g\u00fcnstigste und leistungsf\u00e4higste Kandidat hat gewonnen. Das kann ja sein. Es standen aber nur vier NATO-Produkte zur Auswahl. Andere Flieger wurden &#8220;aus politischen Gr\u00fcnden&#8221; erst gar nicht in die Auswahl genommen. Es ist wie in der Wirtschaft: &#8220;<em>Definiere deinen Markt und du bist Marktf\u00fchrer.<\/em>&#8220;<\/p>\n\n\n\n<!--more-->\n\n\n\n<p>Doch darum soll es hier nicht gehen, denn es gibt zu den zwei offensichtlichen Kontrahenten noch eine dritte Gruppe, zu der ich mich z\u00e4hle (siehe &#8220;<a href=\"https:\/\/unbequemefragen.ch\/?p=1420\">Abstimmung \u00fcber neue Kampfjets \u2013&nbsp;Eine Qual ohne Wahl<\/a>&#8220;). Sie werfen grunds\u00e4tzliche Fragen auf. Man mag nun einwerfen, dass die da aufgeworfenen Fragen nun nicht mehr relevant sind und man den Auftrag des Volkes habe, neue Kampfjets zu beschaffen. Damit schr\u00e4nkt man aber (einmal mehr) das Denken ein. Wer auf der Bergtour zuvor die falsche Abzweigung genommen hat und nun nur noch zwischen Lawinengebiet und Absturz w\u00e4hlen kann, wird hoffentlich die Variante &#8220;zur\u00fcck&#8221; w\u00e4hlen und sich nicht auf die zwei Optionen beschr\u00e4nken wollen. Doch genau diese Variante &#8220;zur\u00fcck&#8221; ist bei den Armeefreunden ein Tabu oder ein kaum verst\u00e4ndlicher Gedanke. Man f\u00fchlt sich auf unterschiedlichen geistigen Flugh\u00f6hen. <\/p>\n\n\n\n<p>Aus einem E-Mail-Austausch ist dabei folgender Diskurs entstanden (Hervorhebungen durch mich):<\/p>\n\n\n\n<blockquote class=\"wp-block-quote is-layout-flow wp-block-quote-is-layout-flow\"><p><mark style=\"background-color:rgba(0, 0, 0, 0)\" class=\"has-inline-color has-medium-gray-color\">&#8220;Wir m\u00fcssen <strong>weiterhin geschlossen auftreten<\/strong>! Ich selbst finde die Entscheidung richtig, obwohl ich kein Flugzeugexperte bin. Wichtig ist aber, dass wir <strong>weiterhin geschlossen auftreten<\/strong>! &#8211;\u00a0Lieber ein Tarnkappenbomber als ein Schlafkappenbomber oder gar kein neuer Kampfjet! Deshalb, es n\u00fctzt nichts, eine Diskussion zu f\u00fchren, dass der F-35 eben doch nicht der Richtige ist!&#8221;<\/mark><\/p><cite>DB<\/cite><\/blockquote>\n\n\n\n<p>Ein anderer schrieb:<\/p>\n\n\n\n<blockquote class=\"wp-block-quote is-layout-flow wp-block-quote-is-layout-flow\"><p>DB hat absolut recht. Die Miliz Org und <strong>die b\u00fcrgerlichen Parteien m\u00fcssen sich jetzt auf ein Ziel hin zusammenschliessen<\/strong>. Es sind leider Tendenzen innerhalb von Institutionen auszumachen,&nbsp;die bereits auf einen t\u00f6dlichen Selbstzerfleischungsprozess hinweisen. Das muss mit<strong> allen Kr\u00e4ften verhindert werden<\/strong>. Entsprechende Kontakte und Bem\u00fchungen sind im Gange.<\/p><p>Ebenso ist das VBS und die Luftwaffe besonders gefordert, einen wesentlichen Beitrag zu leisten!!!<\/p><cite>BP<\/cite><\/blockquote>\n\n\n\n<p>Meine Replik:<\/p>\n\n\n\n<hr class=\"wp-block-separator\"\/>\n\n\n\n<p><em>Geschlossen hinter einem falschen politischen und strategischen Entscheid stehen, ist wie wenn sich die Gruppe Giardino hinter den Entscheid f\u00fcr die WEA gestellt h\u00e4tte \u2013 mit dem Argument: Lieber eine 100\u2019000-er Armee als keine. Giardino hat stets politisch und verfassungsm\u00e4ssig argumentiert, nicht technisch!<\/em><\/p>\n\n\n\n<p><em>Nat\u00fcrlich kommt diese Diskussion zu sp\u00e4t und es w\u00e4re besser gewesen, man h\u00e4tte die Diskussion VOR der Einladung an die Hersteller gef\u00fchrt. Der Fehler ist dort passiert \u2013 und das mit Absicht! Hier zeigt sich der l\u00e4ngerfristige Plan der &#8220;f\u00fcnften Kolonne&#8221;, welche die Schweiz l\u00e4ngerfristig in die NATO f\u00fchren will. Ich erinnere an <strong>meine Prognose: Irgendwann ist unsere Armee so klein und gleichzeitig bereits so eng mit der NATO verbunden, dass es &#8220;alternativlos&#8221; nur noch diese M\u00f6glichkeit eines Anschlusses geben wird<\/strong>. Selbst\u00e4ndig und damit neutral l\u00e4sst sich die Schweiz sonst nicht verteidigen. Die Macht des Faktischen l\u00e4sst keine andere Option mehr zu \u2013 genauso mit den krummen Gesch\u00e4ften, welche eingef\u00e4delt wurden, um den Preis des F-35 so senken zu k\u00f6nnen, dass auf der offiziellen Offerte doch tats\u00e4chlich der g\u00fcnstigste Preis erscheint.&nbsp;vgl. &#8220;<a href=\"https:\/\/unbequemefragen.ch\/?p=1295\">Der weiterentwickelte Hof \u2013&nbsp;ein Drama in vier Reformen<\/a>&#8220;. DARUM \u2013 und nur darum \u2013 geht es!<\/em><\/p>\n\n\n\n<p><em>Reihen schliessen = anpassen. Me? Never!<\/em><\/p>\n\n\n\n<p><strong><em>Wer also zur Geschlossenheit aufruft, macht sich indirekt mitschuldig am Endresultat: dem NATO-Beitritt und der Aufgabe der Neutralit\u00e4t.<\/em><\/strong><\/p>\n\n\n\n<p><em>Und wie erfolgreich \u2013 oder besser: erfolglos \u2013 die NATO in den vergangenen Jahren war, will ich nicht n\u00e4her vertiefen. Allein der Abzug nach 20 Jahren Afghanistan spricht B\u00e4nde\u2026 Und ob diese Allianz wirklich &#8220;defensiv&#8221; ist, soll jeder selbst beurteilen. Ich sehe aber keinen einzigen Anhaltspunkt (siehe aktuelles Man\u00f6ver im Schwarzen Meer zusammen mit Australischen, S\u00fcd-Koreanischen, Brasilianischen uvm. Verb\u00e4nden). Wie w\u00fcrde sich wohl die USA f\u00fchlen, wenn chinesische, russische, syrische und iranische, vielleicht sogar noch weissrussische Verb\u00e4nde im Golf von Mexiko eine \u00dcbung durchf\u00fchren w\u00fcrden und grosskotzig verk\u00fcnden, dass dieses Gew\u00e4sser sicher nicht unter der Kontrolle der USA stehen darf! Hallo?!&nbsp;<\/em><\/p>\n\n\n\n<p><em>Der n\u00e4chste Krieg kommt bestimmt. Dann wird sich zeigen, wo die Schweiz steht: &#8211; neutral auf keiner Seite &#8211; auf der Seite der Verlierer (NATO) &#8211; auf der Seite der Gewinner (\u2026) Neutral w\u00e4re mir am liebsten.<\/em><\/p>\n\n\n\n<hr class=\"wp-block-separator\"\/>\n\n\n\n<p>Diese Antwort hat einen vehementen Bef\u00fcrworter des F-35 aus der Reserve gelockt (leicht gek\u00fcrzt, Hervorhebungen durch mich):<\/p>\n\n\n\n<blockquote class=\"wp-block-quote is-layout-flow wp-block-quote-is-layout-flow\"><p>&#8220;<span class=\"has-inline-color has-medium-gray-color\">Ich habe etwas leer schlucken m\u00fcssen als ich Deine Zeilen gelesen habe und ich dachte, zuerst einmal dar\u00fcber schlafen um dann ev. zu reagieren weil auch ich zur Geschlossenheit aufgerufen habe. <\/span><\/p><p><span class=\"has-inline-color has-medium-gray-color\">Immerhin droht mit Deinen Argumenten dann <strong>ein t\u00f6dlicher Nullentscheid<\/strong> was ev. in Dein Armeebild passt. Du willst doch nicht zum Steigb\u00fcgelhalter der GSoA werden? Wer vom Ross steigt, muss danach normalerweise die Z\u00fcgel loslassen und ich bin eigentlich froh, dass Dir das nicht gelingt damit wir immer im Gespr\u00e4ch bleiben k\u00f6nnen. Es braucht Deine kritische Stimme und bin Dir auch dankbar daf\u00fcr auch wenn sie ab und zu von meiner abweicht.<\/span><\/p><p><span class=\"has-inline-color has-medium-gray-color\">Was falsch und richtig ist muss jeder f\u00fcr sich beurteilen. Wenn ich etwas als falsch oder richtig bezeichne muss das noch lange nicht f\u00fcr andere gelten. [&#8230;]<\/span><\/p><p><span class=\"has-inline-color has-medium-gray-color\">Was w\u00e4re denn die Konsequenz aus Deinen Worten? Nullentscheid?<\/span><\/p><p><span class=\"has-inline-color has-medium-gray-color\">Der Entscheid gegen die WEA hat m.E. nichts mit jenem f\u00fcr den F-35 zu tun.<\/span><\/p><p><span class=\"has-inline-color has-medium-gray-color\">Aber ja, man will jetzt einen technischen Entscheid zum politischen umfunktionieren wie beim NEMO und M\u00f6rser 16! Wir haben uns intern doch f\u00fcr die Technik entschieden.<\/span><\/p><p><span class=\"has-inline-color has-medium-gray-color\">Was stinkt zum Himmel Markus? Was st\u00f6sst Dir auf?<\/span><\/p><p><span class=\"has-inline-color has-medium-gray-color\">Ich habe von der 5. Kolonne in unseren Reihen mehr Angst als von jenen, die uns in die NATO f\u00fchren wollen. Im Moment \u00fcbrigens ganz ausgepr\u00e4gt wenn man die Medien liest. Diesen sollte man aus meiner Sicht den Zugriff zum Subventionstopf und die Pressef\u00f6rdergelder (140 Mio ?) sofort stoppen.<\/span><\/p><p><span class=\"has-inline-color has-medium-gray-color\">Was f\u00fcr krumme Gesch\u00e4ft betr. Preis? In der Luft sind wir aus div. Gr\u00fcnden zweifellos mit anderen Luftwaffen verbunden die in der NATO integriert sind. <strong>Anderes w\u00e4re wohl nicht denk- oder machbar<\/strong>. Auch hier, <strong>was w\u00e4re die Alternative?<\/strong> <strong>Und neutral bleiben wir in Friedenszeiten, im Krisenfall kann sich das \u00e4ndern.<\/strong><\/span><\/p><p><span class=\"has-inline-color has-medium-gray-color\">[Es folgen ausf\u00fchrliche, nachvollziehbare technische Ausf\u00fchrungen, wieso der F-35 der richtige Kauf ist. Da es aber eben NICHT darum geht, lasse ich diese Zeilen weg.]<\/span><\/p><p><span class=\"has-inline-color has-medium-gray-color\">Leider m\u00fcssen wir in einen erzwungenen Abstimmungskampf steigen. Der Typenentscheid ist zu einer \u201eReligionsfrage\u201c geworden, aber ich werde nie Steigb\u00fcgelhalter der GSoA und linksgr\u00fcnen Kreise.<\/span>&#8220;<\/p><cite>BP<\/cite><\/blockquote>\n\n\n\n<p>Auf die folgenden Zeilen gab es dann keine Antwort mehr, wobei der F-35 auch stellvertretend f\u00fcr das zu beschaffende Patriot Abwehrsystem steht, \u00fcber das man \u00fcberhaupt nichts mehr h\u00f6rt:<\/p>\n\n\n\n<hr class=\"wp-block-separator\"\/>\n\n\n\n<p><em>Deine Zeilen best\u00e4tigen das von mir identifizierte Grund\u00fcbel: <strong>Wir haben offenbar keine Alternativen mehr!<\/strong> Entweder wir werfen uns vollends materiell, technisch, wirtschaftlich, informations- und cyberm\u00e4ssig, (\u2026) an die USA\/NATO oder wir haben keine Armee mehr. Mir st\u00f6sst diese Alternativlosigkeit auf.<\/em><\/p>\n\n\n\n<p><em>Ja klar droht ein Nullentscheid! Genau davor warne ich ja schon seit Jahren. Der Entscheid ist politischer Selbstmord. Neben der Linken, die sowieso keinen souver\u00e4nen Staat und keine eigenst\u00e4ndige Armee will, kommen nun noch jene, welche keine NATO-Armee wollen. Nach dem knappen Entscheid letzten Herbst ist der F-35 eine Steilvorlage f\u00fcr diese beiden Pole.&nbsp;<\/em><\/p>\n\n\n\n<p><em>Das Argument mit dem g\u00fcnstigsten Flieger nimmt dir doch keiner ab. Welche politischen &#8220;Deals&#8221; diesen Preis beg\u00fcnstigt haben, wissen wir auch noch nicht. Ich bin gespannt auf die Enth\u00fcllungen\u2026 Hier identifiziere ich das stinkende \u00dcbel. Oder denkst du, die Amis verkaufen uns diesen Flieger \u2013 OHNE Konkurrenz aus Russland\/China \u2013 einfach so billig, weil sie uns nett finden???&nbsp;<\/em><\/p>\n\n\n\n<p><em>Mein Armeebild sieht ganz anders aus: Grunds\u00e4tzlich 3 eigenst\u00e4ndige Grossverb\u00e4nde: Eines wehrtechnisch\/doktrin\u00e4r westlich orientiert, eines wehrtechnisch\/doktrin\u00e4r \u00f6stlich orientiert und eines vom Typ Guerrilla. Gelebte Neutralit\u00e4t, an niemanden auf Verdeih&#8217; und Verderb\u2019 gebunden. Die einen machen \u00dcbungen \u00fcber der Nordsee, die anderen \u00fcber dem Schwarzen Meer und die Dritten \u00fcberlegen sich die ganz fiesen, unkonventionellen Strategien. Dazu \u00dcbungen auf Gegenseitigkeit. Unter solchen Voraussetzungen hat ein F-35 Platz \u2013 auch weil auf der anderen Seite die SU-57 fliegen w\u00fcrde.<\/em><\/p>\n\n\n\n<p><em>Die GSoA hat schon gewonnen! Die Alternativlosigkeit der Sicherheitspolitik treibt die Leute direkt in ihre Arme. War denn das letzte, knappe Abstimmungsresultat noch nicht Warnschuss genug???<\/em><\/p>\n\n\n\n<p><em>Gedanklich habe ich schon l\u00e4ngst &#8220;umgesattelt&#8221;. Ich bet\u00e4tige mich noch als &#8220;(fast) Einsamer Rufer in der W\u00fcste&#8221; \ud83d\ude09<\/em><\/p>\n\n\n\n<p><em>Mir sind die technischen Spezifikationen (auch wenn ich diese sehr kritische betrachte und nicht an die &#8220;Eierlegende Wollmilchsau der L\u00fcfte&#8221; glaube) so ziemlich egal. Mir geht es ums (Geo)Politische, ums Neutralit\u00e4tspolitische, ums Grunds\u00e4tzliche. Nat\u00fcrlich hat die WEA mit dem Entscheid f\u00fcr einen F-35 etwas zu tun! Ich erinnere nur an das Stationierungskonzept, wo die Flugplatzinfrastruktur massiv reduziert wurde. Die somit weniger stationierbaren Flieger m\u00fcssen daher m\u00f6glichst Allesk\u00f6nner sein \u2013 eben: F-35. Ob dieser Vogel aber wirklich alles kann, bleibt weiterhin im Alltag zu beweisen&#8230;<\/em><\/p>\n\n\n\n<p><em>Die Konsequenz w\u00e4re ein Eingest\u00e4ndnis, dass wir uns sicherheitspolitisch verrannt haben und seit Jahren in eine immer enger werdende Sackgasse geraten sind, in der wir nicht l\u00e4nger neutral und eigenst\u00e4ndig sein k\u00f6nnen. Eben: <a href=\"https:\/\/unbequemefragen.ch\/?p=1312\">Das Absteigen vom Pferd<\/a>! Das w\u00e4re ehrlich. Giardino hat dies im Buch &#8220;Mut zum Kurswechsel&#8221; analog beschrieben. Ich bin mir bewusst, dass dies schwierig ist und politisch aktuell kaum machbar. Niemand fasst dieses heisse Eisen an. Wovor f\u00fcrchten sich die Politiker?<\/em><\/p>\n\n\n\n<p><em>Stattdessen rennt man weiter und ruft zur Geschlossenheit auf und dass ein Nein eben zu keiner Armee mehr f\u00fchren w\u00fcrde. Stimmt. Aber dann h\u00e4tten wir noch immer den Verfassungsauftrag, der weiterhin gilt. Eine neue Crew mit neuen Ideen m\u00fcsste den Kurswechsel vollziehen. Das ist mein Ziel \u2013 Neuanfang! Lieber fr\u00fcher als zu sp\u00e4t.<\/em><\/p>\n\n\n\n<p><em>Was wollen die Mitglieder der 5. Kolonne &#8220;in unseren Reihen&#8221;? Und wieso w\u00e4re der Gang ins globale Angriffsb\u00fcndnis NATO (welches nur nach US-Pfeife tanzt) weniger schlimm?&nbsp;<br>Wer sich nur in Friedenszeiten &#8220;neutral&#8221; gibt, aber in Kriegszeiten sich sofort an die Seite einer Partei wirft (woher die Sicherheit, dass wir nicht auf der falschen Seite stehen w\u00fcrden???), ist im Grunde genommen nicht neutral \u2013 h\u00f6chstens schein-neutral. Welches Signal dies wohl in die Welt sendet. Ich habe einmal von Hist. Fuhrer geh\u00f6rt, dass die Sowjetunion die Schweiz so lange als &#8220;neutral&#8221; betrachtet und damit vom Krieg verschont h\u00e4tte, solange dies nicht nur ein Lippenbekenntnis blieb. Die Verkleinerung der Armee und die peinlichen Auftritte werden in Moskau sicher nicht unbemerkt geblieben sein. Wir haben uns selbst auf die Schlachtbank gelegt und hoffen nun, mit einem Pakt mit dem Metzger davon zu kommen. Good luck!<\/em><\/p>\n\n\n\n<p><em>Preis: Die heutigen Drucker gibt es auch zu Spottpreisen. Die Patronen sind aber weiterhin teuer\u2026 &#8220;Lockangebote&#8221; nennt man das.<\/em> Wenn nun aber eines Tages die Betriebskosten doch nicht so tief sind, wie man &#8220;uns&#8221; versprochen hat, dann frisst dieser Flieger einen immer gr\u00f6sseren Anteil am VBS-Kuchen. Wo bleiben dann Heer, Cyber und R\u00fcstung? <\/p>\n\n\n\n<p><em>Du magst beim g\u00fcnstigeren Beschaffungspreis und der Technik v\u00f6llig Recht haben. Wie gesagt: Mich interessiert dies sekund\u00e4r. Ich sage euch nicht, dass die anderen Mitbewerber (flugtechnisch, finanziell, etc.) eine bessere Wahl gewesen w\u00e4ren. Ich kann bei diesem (sorry f\u00fcr den Ausdruck) &#8220;Schwanzvergleich&#8221; nicht mitsprechen. Meine Diskussion liegt auf einem anderen Flight-Level. Dennoch zwei Gedanken: <\/em><\/p>\n\n\n\n<p><em>a)&nbsp;Luftpolizeieins\u00e4tze, die ja offenbar doch noch h\u00e4ufiger vorkommen und mit LP24 nochmals h\u00e4ufiger, k\u00f6nnen nicht im Simulator durchgef\u00fchrt werden. Aber ob es sich dann (finanziell) lohnt, diesen High-Tech-Flieger zum Identifizieren einer unbewaffneten Verkehrsmaschine hochzujagen, wage ich zu bezweifeln\u2026 Darin sehe ich die konzeptionelle Fehl\u00fcberlegung, die \u00fcbrigens wieder in die H\u00e4nde jener spielt, welche einen g\u00fcnstigere Flieger wollen (welchen auch immer\u2026). <\/em><\/p>\n\n\n\n<p><em>b)&nbsp;Dogfight: Nach deinen \u00dcberlegungen schiessen wir also Flieger schon \u00fcber Feindesland ab oder wir beschiessen einen eingedrungenen Gegner \u00fcber dem Bodensee vom Genfersee aus (vermutlich \u00fcbertrieben, aber illustrativ passend)?<\/em><\/p>\n\n\n\n<p><em>Deine Angst vor der GSoA und der M\u00f6glichkeit, sich auf ihre NEIN-Seite zu stellen verschliesst dir den Blick auf das Ganze. Das Kaninchen starrt auf die Schlange! Du bewegst dich geradezu in die Arme der USA\/NATO \u2013 &#8220;alternativlos&#8221;. Nur schon die Bedrohungsanalyse bzw. Lagebeurteilung entspricht mittlerweilen fast zu 100% der Sicht der NATO! &#8220;Wir&#8221; wurden indoktriniert! Mit der gleichen Masche wurde in den vergangenen bald 30 Jahren die Armee st\u00fcckchenweise reduziert. Man konnte doch nicht gegen eine &#8220;modernere&#8221;, &#8220;weiterentwickelte&#8221;, &#8220;wieder mobilisierbare&#8221; Armee sein?! Zur Erinnerung: Bei der Armee XXI hat die GSoA &#8220;Stimmfreigabe&#8221; beschlossen\u2026! Die Armee hat sich (selbst)st\u00e4ndig reduziert. Am Schluss bleibt nur noch das Rumpfgebilde, welches \u2013 alternativlos \u2013 mit der NATO zusammenarbeiten muss. Das m\u00f6chte ich nicht.<br>Wir m\u00fcssen diese Abw\u00e4rtsspirale durchbrechen. Das geht leider nicht ohne Neuanfang. Das Pferd ist tot \u2013 steigt ab! (und sucht euch ein neues Pferd, welches in die richtige Richtung, nach UNSEREM Willen galoppiert!)&nbsp;<\/em><\/p>\n\n\n\n<hr class=\"wp-block-separator\"\/>\n\n\n\n<p>Zur\u00fcck zum Vergleich mit der Bergtour: Was bringt die beste und g\u00fcnstigste Ausr\u00fcstung, wenn man sich verlaufen hat und sich nicht getraut, den R\u00fcckw\u00e4rtsgang einzulegen? &#8220;<a href=\"https:\/\/unbequemefragen.ch\/?p=1272\">Reihen schliessen<\/a>&#8221; ist einmal mehr der falsche Weg.<\/p>\n\n\n\n<p><strong>UPDATE<\/strong>: 21.11.2021<\/p>\n\n\n\n<p>Bei den Argumenten gegen einen &#8220;Russen-Jet&#8221; l\u00e4sst sich der <em>Herausgeber des NACHBRENNERS<\/em>, <em>Konrad Alder<\/em> wie folgt <a href=\"https:\/\/bulletin-1.ch\/alder-argumente-gegen-russen-jet\/\">zitieren<\/a>:<\/p>\n\n\n\n<p><em>\u201cMan kann selbstverst\u00e4ndlich auch ein russisches Flugzeug evaluieren, was allein schon aus einem nachrichtendienstlichen Blickwinkel von gr\u00f6sstem Interesse w\u00e4re. Aus den folgenden 6 Punkten wird aber eine Beschaffung aus Kosten-, operationellen und milit\u00e4rpolitischen Gr\u00fcnden kaum in Frage kommen:<\/em><\/p>\n\n\n\n<ol class=\"wp-block-list\"><li><em>Fehlende Interoperabilit\u00e4t mit unserem integrierten, u.a. auf dem Daten\u00fcbertragungssystem MIDS Link 16 basierenden Luftraum\u00fcberwachungs- und Einsatzleitsystem Florako westlicher Provenienz.<\/em><\/li><li><em>Im Vergleich zu den an die russischen Luftstreitkr\u00e4fte gelieferten Maschinen erhalten Exportkunden lediglich leistungsschw\u00e4chere Versionen.<\/em><\/li><li><em>Alle Nutzerstaaten von russischen Kampfflugzeugen haben Probleme im Bereiche des \u201eAfter Sales Support\u201c, d.h. prim\u00e4r mit dem Ersatzteilnachschub. Das resultiert in einer ungen\u00fcgenden Verf\u00fcgbarkeit der entsprechenden Flotte von Kampfflugzeugen. Man studiere in diesem Zusammenhang die Probleme der Indischen Luftstreitkr\u00e4fte vorab am Beispiel des Typs SU-30MKI.<\/em><\/li><li><em>Der ganze MRO (Maintenance, Repair and Operations)-Bereich m\u00fcsste neu organisiert und ausger\u00fcstet werden, was uns sehr teuer zu stehen k\u00e4me (Abweichendes technisches Umfeld, wie z.B. Normen und Standards).<\/em><\/li><li><em>Nicht kooperationsf\u00e4hig mit befreundeten Luftwaffen, vorab mit unseren Nachbarstaaten.<\/em><\/li><li><em>Und last but least: Kampfflugzeugbeschaffungen werden in der Regel auf Regierungsbasis abgeschlossen und binden uns 30\u201360 Jahre an den liefernden Staat. Eine solche Abh\u00e4ngigkeiten schaffende, <strong>\u201estrategische Partnerschaft\u201c schliesst man niemals mit einem Land, dessen \u00abDemokratie-Verst\u00e4ndnis\u00bb wir ablehnen.\u201d<\/strong><\/em><\/li><\/ol>\n\n\n\n<p>Man k\u00f6nnte diesen Argumenten entgegnen:<\/p>\n\n\n\n<ol class=\"wp-block-list\"><li>Hier haben wir bereits den ersten Hinweis, dass wir nicht wirklich &#8220;neutral&#8221; sein k\u00f6nnen. Es gibt Abh\u00e4ngigkeiten. Diese technischen Herausforderungen k\u00f6nnte man aber \u2013&nbsp;besonders als wirklich neutraler Staat \u2013&nbsp;zu unseren Gunsten drehen und eben genau diese Interoperabilit\u00e4t entwickeln. Man muss nur wollen&#8230;<\/li><li>Ist das ein Problem? Werden damit Limiten unterschritten, welche Muss-Kriterien sind? Geschieht auf der anderen Seite \u00c4hnliches?<\/li><li>Das d\u00fcrfte ein konzeptionelles Problem bei der Beschaffung sein \u2013 also l\u00f6sbar.<\/li><li>Das beste Argument in dieser Auflistung. Grunds\u00e4tzlich aber l\u00f6sbar, wenn man will.<\/li><li>Das darf KEIN Argument sein, wenn wir neutral sein wollen. Wir gewinnen aber neue Freunde, die sicher auch an einem Austausch interessiert sind.<\/li><li>Welches &#8220;Demokratie-Verst\u00e4ndnis&#8221; akzeptieren wir denn, wenn US-Wahlen manipuliert werden, in Deutschland Wahlzettel fehlen und in der EU Abstimmungen so lange wiederholt werden, bis sie den Eliten passen?  <\/li><\/ol>\n\n\n\n<p><strong>UPDATE<\/strong> 25.03.2022<\/p>\n\n\n\n<figure class=\"wp-block-image size-large wp-duotone-333-ccc-1\"><a href=\"https:\/\/unbequemefragen.ch\/wp-content\/uploads\/2022\/03\/Bildschirmfoto-2022-03-25-um-09.56.10.png\"><img loading=\"lazy\" decoding=\"async\" width=\"1024\" height=\"728\" src=\"https:\/\/unbequemefragen.ch\/wp-content\/uploads\/2022\/03\/Bildschirmfoto-2022-03-25-um-09.56.10-1024x728.png\" alt=\"\" class=\"wp-image-1804\" srcset=\"https:\/\/unbequemefragen.ch\/wp-content\/uploads\/2022\/03\/Bildschirmfoto-2022-03-25-um-09.56.10-1024x728.png 1024w, https:\/\/unbequemefragen.ch\/wp-content\/uploads\/2022\/03\/Bildschirmfoto-2022-03-25-um-09.56.10-300x213.png 300w, https:\/\/unbequemefragen.ch\/wp-content\/uploads\/2022\/03\/Bildschirmfoto-2022-03-25-um-09.56.10-768x546.png 768w, https:\/\/unbequemefragen.ch\/wp-content\/uploads\/2022\/03\/Bildschirmfoto-2022-03-25-um-09.56.10.png 1154w\" sizes=\"auto, (max-width: 1024px) 100vw, 1024px\" \/><\/a><\/figure>\n\n\n\n<blockquote class=\"wp-block-quote is-layout-flow wp-block-quote-is-layout-flow\"><p>&#8220;Ein konventioneller Konflikt auf Schweizer Boden ist weiterhin wenig plausibel. Falls ein solcher stattfinden w\u00fcrde, dann w\u00fcrde diese Bedrohung mit grosser Sicherheit nicht die Schweiz isoliert betreffen, sondern Mitteleuropa als Kollektiv. <strong>Daher ist dem Aspekt der transnationalen Kooperation eine h\u00f6here Bedeutung beizumessen.<\/strong>&#8220;<\/p><cite><a href=\"https:\/\/www.avenir-suisse.ch\/publication\/perspektiven-der-schweizer-sicherheitspolitik\/\">avenir-suisse.ch<\/a><\/cite><\/blockquote>\n\n\n\n<p>These 2:<\/p>\n\n\n\n<blockquote class=\"wp-block-quote is-layout-flow wp-block-quote-is-layout-flow\"><p>Die <strong>Kampfjets F-35 sind f\u00fcr Eins\u00e4tze in einem milit\u00e4rischen Verbund konzipiert<\/strong>. Erst dann k\u00f6nnen sie ihre volle Wirkung entfalten. Daher liege es nahe, sich wie etwa das neutrale Schweden oder Finnland an Nato-\u00dcbungen zu beteiligen. Dazu seien aber <strong>erst neutralit\u00e4tspolitische Fragen zu kl\u00e4ren<\/strong>.<\/p><cite><a href=\"https:\/\/www.avenir-suisse.ch\/publication\/perspektiven-der-schweizer-sicherheitspolitik\/\">avenir-suisse.ch<\/a><\/cite><\/blockquote>\n\n\n\n<p>These 4:<\/p>\n\n\n\n<blockquote class=\"wp-block-quote is-layout-flow wp-block-quote-is-layout-flow\"><p>Allf\u00e4llige F\u00e4higkeitsl\u00fccken, z.B. in den mechanisierten Verb\u00e4nden, k\u00f6nnten <strong>durch st\u00e4rkere transnationale milit\u00e4rische Kooperation kompensiert<\/strong> werden.<\/p><cite><a href=\"https:\/\/www.avenir-suisse.ch\/publication\/perspektiven-der-schweizer-sicherheitspolitik\/\">avenir-suisse.ch<\/a><\/cite><\/blockquote>\n\n\n\n<p><strong>Na, klinget&#8217;s???<\/strong><\/p>\n\n\n\n<p>Auch der SP-Unsicherheitspolitiker Hug bl\u00e4st ins gleiche Horn:<\/p>\n\n\n\n<figure class=\"wp-block-image size-large wp-duotone-333-ccc-2\"><a href=\"https:\/\/unbequemefragen.ch\/wp-content\/uploads\/2022\/03\/Bildschirmfoto-2022-03-25-um-10.04.58.png\"><img loading=\"lazy\" decoding=\"async\" width=\"1024\" height=\"643\" src=\"https:\/\/unbequemefragen.ch\/wp-content\/uploads\/2022\/03\/Bildschirmfoto-2022-03-25-um-10.04.58-1024x643.png\" alt=\"\" class=\"wp-image-1806\" srcset=\"https:\/\/unbequemefragen.ch\/wp-content\/uploads\/2022\/03\/Bildschirmfoto-2022-03-25-um-10.04.58-1024x643.png 1024w, https:\/\/unbequemefragen.ch\/wp-content\/uploads\/2022\/03\/Bildschirmfoto-2022-03-25-um-10.04.58-300x188.png 300w, https:\/\/unbequemefragen.ch\/wp-content\/uploads\/2022\/03\/Bildschirmfoto-2022-03-25-um-10.04.58-768x482.png 768w, https:\/\/unbequemefragen.ch\/wp-content\/uploads\/2022\/03\/Bildschirmfoto-2022-03-25-um-10.04.58.png 1344w\" sizes=\"auto, (max-width: 1024px) 100vw, 1024px\" \/><\/a><figcaption><a href=\"https:\/\/www.20min.ch\/story\/schweizer-luftabwehr-koennte-im-kriegsfall-nur-35-ziele-beschiessen-696546146534\">20min.ch<\/a><\/figcaption><\/figure>\n\n\n\n<p>Und selbst Stefan Holenstein, ehem. Pr\u00e4sident der SOG dr\u00e4ngt in die NATO:<\/p>\n\n\n\n<figure class=\"wp-block-image size-large wp-duotone-333-ccc-3\"><a href=\"https:\/\/unbequemefragen.ch\/wp-content\/uploads\/2022\/03\/Bildschirmfoto-2022-03-25-um-10.18.18.png\"><img loading=\"lazy\" decoding=\"async\" width=\"1024\" height=\"410\" src=\"https:\/\/unbequemefragen.ch\/wp-content\/uploads\/2022\/03\/Bildschirmfoto-2022-03-25-um-10.18.18-1024x410.png\" alt=\"\" class=\"wp-image-1807\" srcset=\"https:\/\/unbequemefragen.ch\/wp-content\/uploads\/2022\/03\/Bildschirmfoto-2022-03-25-um-10.18.18-1024x410.png 1024w, https:\/\/unbequemefragen.ch\/wp-content\/uploads\/2022\/03\/Bildschirmfoto-2022-03-25-um-10.18.18-300x120.png 300w, https:\/\/unbequemefragen.ch\/wp-content\/uploads\/2022\/03\/Bildschirmfoto-2022-03-25-um-10.18.18-768x307.png 768w, https:\/\/unbequemefragen.ch\/wp-content\/uploads\/2022\/03\/Bildschirmfoto-2022-03-25-um-10.18.18.png 1184w\" sizes=\"auto, (max-width: 1024px) 100vw, 1024px\" \/><\/a><figcaption>blick.ch<\/figcaption><\/figure>\n\n\n\n<p>&#8230;oder der FDP-Pr\u00e4sident:<\/p>\n\n\n\n<figure class=\"wp-block-image size-large\"><a href=\"https:\/\/unbequemefragen.ch\/wp-content\/uploads\/2022\/04\/Bildschirmfoto-2022-04-09-um-00.13.46.png\"><img loading=\"lazy\" decoding=\"async\" width=\"1024\" height=\"652\" src=\"https:\/\/unbequemefragen.ch\/wp-content\/uploads\/2022\/04\/Bildschirmfoto-2022-04-09-um-00.13.46-1024x652.png\" alt=\"\" class=\"wp-image-1829\" srcset=\"https:\/\/unbequemefragen.ch\/wp-content\/uploads\/2022\/04\/Bildschirmfoto-2022-04-09-um-00.13.46-1024x652.png 1024w, https:\/\/unbequemefragen.ch\/wp-content\/uploads\/2022\/04\/Bildschirmfoto-2022-04-09-um-00.13.46-300x191.png 300w, https:\/\/unbequemefragen.ch\/wp-content\/uploads\/2022\/04\/Bildschirmfoto-2022-04-09-um-00.13.46-768x489.png 768w, https:\/\/unbequemefragen.ch\/wp-content\/uploads\/2022\/04\/Bildschirmfoto-2022-04-09-um-00.13.46.png 1130w\" sizes=\"auto, (max-width: 1024px) 100vw, 1024px\" \/><\/a><figcaption><a href=\"https:\/\/www.blick.ch\/politik\/fdp-praesident-zur-sicherheitspolitik-burkart-will-engere-zusammenarbeit-mit-der-nato-id17388940.html\">blick.ch<\/a> (9. April 2022)<\/figcaption><\/figure>\n\n\n\n<p><\/p>\n\n\n\n<p><strong>Versteht ihr nun langsam die Absicht dahinter???<\/strong><\/p>\n","protected":false},"excerpt":{"rendered":"<p>Wie ich schon fr\u00fcher dargelegt habe, befinde ich mich bei der Schweizer &#8220;Sicherheitspolitik&#8221; in einer fast aussichtslosen Lage. Bei der Abstimmung \u00fcber neue Kampfflugzeuge konnte ich weder mit Ja noch mit Nein stimmen: Ich musste leer einlegen. Jetzt, wo es &hellip; <a href=\"https:\/\/unbequemefragen.ch\/?p=1618\">Continue reading <span class=\"meta-nav\">&rarr;<\/span><\/a><\/p>\n","protected":false},"author":1,"featured_media":0,"comment_status":"open","ping_status":"open","sticky":false,"template":"","format":"standard","meta":{"_jetpack_memberships_contains_paid_content":false,"footnotes":""},"categories":[5,6],"tags":[152,21,143,153,151,107],"class_list":["post-1618","post","type-post","status-publish","format-standard","hentry","category-militar","category-politik","tag-air2030","tag-armee","tag-nato","tag-neutralitat","tag-nkf","tag-usa"],"jetpack_featured_media_url":"","jetpack_sharing_enabled":true,"post_mailing_queue_ids":[],"_links":{"self":[{"href":"https:\/\/unbequemefragen.ch\/index.php?rest_route=\/wp\/v2\/posts\/1618","targetHints":{"allow":["GET"]}}],"collection":[{"href":"https:\/\/unbequemefragen.ch\/index.php?rest_route=\/wp\/v2\/posts"}],"about":[{"href":"https:\/\/unbequemefragen.ch\/index.php?rest_route=\/wp\/v2\/types\/post"}],"author":[{"embeddable":true,"href":"https:\/\/unbequemefragen.ch\/index.php?rest_route=\/wp\/v2\/users\/1"}],"replies":[{"embeddable":true,"href":"https:\/\/unbequemefragen.ch\/index.php?rest_route=%2Fwp%2Fv2%2Fcomments&post=1618"}],"version-history":[{"count":8,"href":"https:\/\/unbequemefragen.ch\/index.php?rest_route=\/wp\/v2\/posts\/1618\/revisions"}],"predecessor-version":[{"id":1835,"href":"https:\/\/unbequemefragen.ch\/index.php?rest_route=\/wp\/v2\/posts\/1618\/revisions\/1835"}],"wp:attachment":[{"href":"https:\/\/unbequemefragen.ch\/index.php?rest_route=%2Fwp%2Fv2%2Fmedia&parent=1618"}],"wp:term":[{"taxonomy":"category","embeddable":true,"href":"https:\/\/unbequemefragen.ch\/index.php?rest_route=%2Fwp%2Fv2%2Fcategories&post=1618"},{"taxonomy":"post_tag","embeddable":true,"href":"https:\/\/unbequemefragen.ch\/index.php?rest_route=%2Fwp%2Fv2%2Ftags&post=1618"}],"curies":[{"name":"wp","href":"https:\/\/api.w.org\/{rel}","templated":true}]}}