{"id":151,"date":"2008-09-20T11:45:34","date_gmt":"2008-09-20T09:45:34","guid":{"rendered":"http:\/\/mmexm.wordpress.com\/?p=151"},"modified":"2008-09-20T11:45:34","modified_gmt":"2008-09-20T09:45:34","slug":"banken-bashing","status":"publish","type":"post","link":"https:\/\/unbequemefragen.ch\/?p=151","title":{"rendered":"Banken-bashing?"},"content":{"rendered":"<p>Es ist der Moment, wo populistische Politiker und selbsternannte &#8220;Spezialisten&#8221; der Finanzm\u00e4rkte \u00fcber die Banken und ihre &#8220;gierigen Manager&#8221; herfallen. Man spricht davon, dass Gewinne privatisiert und Verluste sozialisiert werden (i.e. &#8220;Bailout&#8221; von AIG, Verstaatlichung von Freddie und Fannie). Man ruft man mehr Staat, mehr Regulierung, mehr Aufsicht &#8211; wie immer!<\/p>\n<p><a href=\"http:\/\/www.alfonscortes.com\/\">Alfons Cort\u00e9s<\/a> schreibt in seinem Newsletter:<\/p>\n<blockquote><p>Politisch d\u00fcrfte die Linke nicht z\u00f6gern, die Trumpfkarte, die sie in die Hand gespielt bekommen hat, auszuspielen. Sie w\u00fcrde verschweigen, <strong>dass der Bankensektor der am st\u00e4rksten regulierte Wirtschaftsbereic<\/strong>h ist, und <strong>dass die Aufsicht ihre Hauptfunktion<\/strong>, n\u00e4mlich die Solvenz der von ihr kontrollierten <strong>Institute zu \u00fcberwachen, nicht erf\u00fcllt hat<\/strong>. Die Gelegenheit, den Kapitalismus zu verteufeln, war seit bald 80 Jahren nie g\u00fcnstiger.<\/p><\/blockquote>\n<p>Und tats\u00e4chlich titelt <a href=\"http:\/\/www.spiegel.de\/wirtschaft\/0,1518,579381,00.html\">Spiegel Online<\/a>: &#8220;Merkel fordert st\u00e4rkere Regulierung der M\u00e4rkte&#8221;.<\/p>\n<p>Dummerweise erweisen sich besonders halb-staatliche Institute als besonders anf\u00e4llig auf Fehler. Das <a href=\"http:\/\/www.rp-online.de\/public\/article\/wirtschaft\/news\/617217\/KfW-wird-umgekrempelt.html\">Beispiel von kfw in Deutschland<\/a> spricht B\u00e4nde! Die Bank hat am Montag, als Lehrman Brothers bereits pleite war, schlappe EUR 300 Mio. an besagte Bank \u00fcberwiesen\u00a0 &#8211; \u00e0 fond perdu&#8230; Im Verwaltungsrat sitzen 37 (!!!) Personen, davon viele Politiker (die ja alles k\u00f6nnen und \u00fcberall Spezialisten sind). Immerhin hat Minister Glos das Problem erkannt: &#8220;Die Probleme der KfW resultieren vor allem daraus, dass in der Vergangenheit ihr Vorstand nie nach professionellen Kriterien, sondern nach politischer Farbenlehre ausgew\u00e4hlt wurde&#8221;<\/p>\n<p>Zur\u00fcck zu den b\u00f6sen Banker. Klaus Wellershoff hat gestern im Radio einen guten Punkt vorgebracht: Diese &#8220;gierigen Banker&#8221; &#8211; etwa bei Bear Sterns &#8211; w\u00fcrden sehr wohl die Quittung f\u00fcr ihr Fehlverhalten erhalten. Viele waren Partner und somit Aktion\u00e4re der Bank, erhielten als Bonus oft Aktien und Optionen auf ihren Arbeitsgeber. All dieses d\u00fcrfte nun einen Wert von 0 &#8211; &#8220;NULL&#8221; &#8211; haben. Ist das nicht &#8220;gerecht&#8221;?<\/p>\n","protected":false},"excerpt":{"rendered":"<p>Es ist der Moment, wo populistische Politiker und selbsternannte &#8220;Spezialisten&#8221; der Finanzm\u00e4rkte \u00fcber die Banken und ihre &#8220;gierigen Manager&#8221; herfallen. Man spricht davon, dass Gewinne privatisiert und Verluste sozialisiert werden (i.e. &#8220;Bailout&#8221; von AIG, Verstaatlichung von Freddie und Fannie). Man &hellip; <a href=\"https:\/\/unbequemefragen.ch\/?p=151\">Continue reading <span class=\"meta-nav\">&rarr;<\/span><\/a><\/p>\n","protected":false},"author":3,"featured_media":0,"comment_status":"open","ping_status":"open","sticky":false,"template":"","format":"standard","meta":{"_jetpack_memberships_contains_paid_content":false,"footnotes":""},"categories":[1],"tags":[24,134,139],"class_list":["post-151","post","type-post","status-publish","format-standard","hentry","category-uncategorized","tag-banken","tag-borse","tag-wirtschaft"],"jetpack_featured_media_url":"","jetpack_sharing_enabled":true,"post_mailing_queue_ids":[],"_links":{"self":[{"href":"https:\/\/unbequemefragen.ch\/index.php?rest_route=\/wp\/v2\/posts\/151","targetHints":{"allow":["GET"]}}],"collection":[{"href":"https:\/\/unbequemefragen.ch\/index.php?rest_route=\/wp\/v2\/posts"}],"about":[{"href":"https:\/\/unbequemefragen.ch\/index.php?rest_route=\/wp\/v2\/types\/post"}],"author":[{"embeddable":true,"href":"https:\/\/unbequemefragen.ch\/index.php?rest_route=\/wp\/v2\/users\/3"}],"replies":[{"embeddable":true,"href":"https:\/\/unbequemefragen.ch\/index.php?rest_route=%2Fwp%2Fv2%2Fcomments&post=151"}],"version-history":[{"count":0,"href":"https:\/\/unbequemefragen.ch\/index.php?rest_route=\/wp\/v2\/posts\/151\/revisions"}],"wp:attachment":[{"href":"https:\/\/unbequemefragen.ch\/index.php?rest_route=%2Fwp%2Fv2%2Fmedia&parent=151"}],"wp:term":[{"taxonomy":"category","embeddable":true,"href":"https:\/\/unbequemefragen.ch\/index.php?rest_route=%2Fwp%2Fv2%2Fcategories&post=151"},{"taxonomy":"post_tag","embeddable":true,"href":"https:\/\/unbequemefragen.ch\/index.php?rest_route=%2Fwp%2Fv2%2Ftags&post=151"}],"curies":[{"name":"wp","href":"https:\/\/api.w.org\/{rel}","templated":true}]}}