{"id":147,"date":"2008-09-19T10:45:04","date_gmt":"2008-09-19T08:45:04","guid":{"rendered":"http:\/\/mmexm.wordpress.com\/?p=147"},"modified":"2008-09-19T10:45:04","modified_gmt":"2008-09-19T08:45:04","slug":"untauglich","status":"publish","type":"post","link":"https:\/\/unbequemefragen.ch\/?p=147","title":{"rendered":"untauglich?"},"content":{"rendered":"<p>2min.ch f\u00fchrte in den letzten Woche eine <a href=\"http:\/\/www.20min.ch\/news\/schweiz\/story\/Mehrheit-will-allgemeine-Wehrplicht-abschaffen-11156236\">Online-Umfrage zum Thema Milit\u00e4rdienst<\/a> durch. Eine Zahl ist mir dabei besonders stark aufgefallen. Die Frage lautete:<\/p>\n<p>&#8220;<span class=\"mediumfont bold\">Halten Sie sich selbst f\u00fcr untauglich? Oder haben Sie die Untauglichkeit lediglich vorget\u00e4uscht, um den Milit\u00e4rdienst zu umgehen?&#8221;<\/span><\/p>\n<p><strong>56.7% der Antworten lauteten: &#8220;<span class=\"mediumfont\">Die Untauglichkeit war eher vorgeschoben.&#8221;<\/span><\/strong><\/p>\n<p>Aha, bei diesen 3-t\u00e4gigen Assessments wird wirklich genau hingesehen&#8230; \ud83d\ude41<\/p>\n","protected":false},"excerpt":{"rendered":"<p>2min.ch f\u00fchrte in den letzten Woche eine Online-Umfrage zum Thema Milit\u00e4rdienst durch. Eine Zahl ist mir dabei besonders stark aufgefallen. Die Frage lautete: &#8220;Halten Sie sich selbst f\u00fcr untauglich? Oder haben Sie die Untauglichkeit lediglich vorget\u00e4uscht, um den Milit\u00e4rdienst zu &hellip; <a href=\"https:\/\/unbequemefragen.ch\/?p=147\">Continue reading <span class=\"meta-nav\">&rarr;<\/span><\/a><\/p>\n","protected":false},"author":3,"featured_media":0,"comment_status":"open","ping_status":"open","sticky":false,"template":"","format":"standard","meta":{"_jetpack_memberships_contains_paid_content":false,"footnotes":""},"categories":[1],"tags":[136,85],"class_list":["post-147","post","type-post","status-publish","format-standard","hentry","category-uncategorized","tag-militar","tag-schweiz"],"jetpack_featured_media_url":"","jetpack_sharing_enabled":true,"post_mailing_queue_ids":[],"_links":{"self":[{"href":"https:\/\/unbequemefragen.ch\/index.php?rest_route=\/wp\/v2\/posts\/147","targetHints":{"allow":["GET"]}}],"collection":[{"href":"https:\/\/unbequemefragen.ch\/index.php?rest_route=\/wp\/v2\/posts"}],"about":[{"href":"https:\/\/unbequemefragen.ch\/index.php?rest_route=\/wp\/v2\/types\/post"}],"author":[{"embeddable":true,"href":"https:\/\/unbequemefragen.ch\/index.php?rest_route=\/wp\/v2\/users\/3"}],"replies":[{"embeddable":true,"href":"https:\/\/unbequemefragen.ch\/index.php?rest_route=%2Fwp%2Fv2%2Fcomments&post=147"}],"version-history":[{"count":0,"href":"https:\/\/unbequemefragen.ch\/index.php?rest_route=\/wp\/v2\/posts\/147\/revisions"}],"wp:attachment":[{"href":"https:\/\/unbequemefragen.ch\/index.php?rest_route=%2Fwp%2Fv2%2Fmedia&parent=147"}],"wp:term":[{"taxonomy":"category","embeddable":true,"href":"https:\/\/unbequemefragen.ch\/index.php?rest_route=%2Fwp%2Fv2%2Fcategories&post=147"},{"taxonomy":"post_tag","embeddable":true,"href":"https:\/\/unbequemefragen.ch\/index.php?rest_route=%2Fwp%2Fv2%2Ftags&post=147"}],"curies":[{"name":"wp","href":"https:\/\/api.w.org\/{rel}","templated":true}]}}