{"id":145,"date":"2008-09-19T08:58:58","date_gmt":"2008-09-19T06:58:58","guid":{"rendered":"http:\/\/mmexm.wordpress.com\/?p=145"},"modified":"2008-09-19T08:58:58","modified_gmt":"2008-09-19T06:58:58","slug":"strom-und-feuer-unter-dem-dach","status":"publish","type":"post","link":"https:\/\/unbequemefragen.ch\/?p=145","title":{"rendered":"Strom und Feuer unter dem Dach"},"content":{"rendered":"<p>Aktuell beherrscht in der Schweiz die Diskussion um die steigenden Strompreise (nat\u00fcrlich neben der Finanzkrise) die \u00f6ffentliche Diskussion. Politiker und Medien werfen den &#8220;Strom-Baronen&#8221; vor, sie w\u00fcrden ungerechtfertigt die Preise erh\u00f6hen und sich nun auf stur stellen. Bullshit<\/p>\n<blockquote><p>\u00abVon unserer Seite ist keine \u00c4nderung zu erwarten. Wir werden uns weiterhin an die gesetzlichen Rahmenbedingungen halten.\u00bb Auch beim Netzanbieter Swissgrid, der die neuen Abgaben eintreiben wird, bewegte sich bis jetzt nichts.<\/p><\/blockquote>\n<p>Wie naiv muss man als Politiker sein, wenn man glaubt, die Stromkonzerne w\u00fcrden ihre neue Freiheit und das gesetzliche Korsett nicht ausn\u00fctzen? Der Fehler liegt &#8211; wie so oft &#8211; bei den Parlamentariern, welche solche Gesetze beschliessen und sich dananch wundern, wie sich der B\u00fcrger oder die Firma darauf einstellt. Sich nun auf die Chefs der Stromkonzerne einzuschiessen ist heuchlerisch und lenkt nur vom wirklichen Grund ab.<\/p>\n","protected":false},"excerpt":{"rendered":"<p>Aktuell beherrscht in der Schweiz die Diskussion um die steigenden Strompreise (nat\u00fcrlich neben der Finanzkrise) die \u00f6ffentliche Diskussion. Politiker und Medien werfen den &#8220;Strom-Baronen&#8221; vor, sie w\u00fcrden ungerechtfertigt die Preise erh\u00f6hen und sich nun auf stur stellen. Bullshit \u00abVon unserer &hellip; <a href=\"https:\/\/unbequemefragen.ch\/?p=145\">Continue reading <span class=\"meta-nav\">&rarr;<\/span><\/a><\/p>\n","protected":false},"author":3,"featured_media":0,"comment_status":"open","ping_status":"open","sticky":false,"template":"","format":"standard","meta":{"_jetpack_memberships_contains_paid_content":false,"footnotes":""},"categories":[1],"tags":[34,137,85],"class_list":["post-145","post","type-post","status-publish","format-standard","hentry","category-uncategorized","tag-energie","tag-politik","tag-schweiz"],"jetpack_featured_media_url":"","jetpack_sharing_enabled":true,"post_mailing_queue_ids":[],"_links":{"self":[{"href":"https:\/\/unbequemefragen.ch\/index.php?rest_route=\/wp\/v2\/posts\/145","targetHints":{"allow":["GET"]}}],"collection":[{"href":"https:\/\/unbequemefragen.ch\/index.php?rest_route=\/wp\/v2\/posts"}],"about":[{"href":"https:\/\/unbequemefragen.ch\/index.php?rest_route=\/wp\/v2\/types\/post"}],"author":[{"embeddable":true,"href":"https:\/\/unbequemefragen.ch\/index.php?rest_route=\/wp\/v2\/users\/3"}],"replies":[{"embeddable":true,"href":"https:\/\/unbequemefragen.ch\/index.php?rest_route=%2Fwp%2Fv2%2Fcomments&post=145"}],"version-history":[{"count":0,"href":"https:\/\/unbequemefragen.ch\/index.php?rest_route=\/wp\/v2\/posts\/145\/revisions"}],"wp:attachment":[{"href":"https:\/\/unbequemefragen.ch\/index.php?rest_route=%2Fwp%2Fv2%2Fmedia&parent=145"}],"wp:term":[{"taxonomy":"category","embeddable":true,"href":"https:\/\/unbequemefragen.ch\/index.php?rest_route=%2Fwp%2Fv2%2Fcategories&post=145"},{"taxonomy":"post_tag","embeddable":true,"href":"https:\/\/unbequemefragen.ch\/index.php?rest_route=%2Fwp%2Fv2%2Ftags&post=145"}],"curies":[{"name":"wp","href":"https:\/\/api.w.org\/{rel}","templated":true}]}}