{"id":1386,"date":"2020-03-21T18:24:23","date_gmt":"2020-03-21T17:24:23","guid":{"rendered":"http:\/\/unbequemefragen.ch\/?p=1386"},"modified":"2020-04-08T20:49:25","modified_gmt":"2020-04-08T19:49:25","slug":"covid-19-auslegeordnung","status":"publish","type":"post","link":"https:\/\/unbequemefragen.ch\/?p=1386","title":{"rendered":"COVID-19 \u2013\u00a0Auslegeordnung"},"content":{"rendered":"\n<p>In den vergangenen Tagen habe ich mich immer wieder gefragt, &#8220;wo liegt eigentlich das Problem?&#8221; Zu oft habe ich das Gef\u00fchl, dass viele Experten, Medien und Politiker mit den Zahlen ein Durcheinander haben und so mehr zur Verwirrung als zur Kl\u00e4rung beitragen. Deshalb hier der Versuch einer strukturierten Aufschl\u00fcsselung.<\/p>\n\n\n\n<p class=\"has-background has-light-gray-background-color\"><em>Eine Bitte an alle Leser: Ich suche Quellen (Webseiten, Videos [mit Minutenangabe], Interviews, etc.), welche meine Fragen entweder beantworten oder mit Zahlen unterlegen. Danke f\u00fcr die Zustellung. Gerne arbeite ich diese in den Text ein. <\/em><\/p>\n\n\n\n<p><strong>Ausgangslage: Die allj\u00e4hrliche Grippewelle<\/strong><br>Haben wir signifikant mehr Grippef\u00e4lle als sonst?<\/p>\n\n\n\n<p>Die Schweiz verf\u00fcgt \u00fcber ein Meldesystem f\u00fcr Influenzaverdachte, das &#8220;Sentinella-Meldesystem&#8221;. W\u00f6chentlich werden die gemeldeten, grippe\u00e4hnlichen Erkrankungen registriert.<\/p>\n\n\n\n<!--more-->\n\n\n\n<blockquote class=\"wp-block-quote is-layout-flow wp-block-quote-is-layout-flow\"><p>&#8220;Grippe\u00e4hnliche Erkrankungen treten in unseren Breitengraden saisonal auf. Bisher konnte jeden Winter eine Grippewelle festgestellt werden. Von Jahr zu Jahr variieren aber deren Intensit\u00e4t, die L\u00e4nge, die Art der zirkulierenden Virenst\u00e4mme und die Auswirkungen auf die Bev\u00f6lkerung. Um die Bev\u00f6lkerung und die \u00c4rzteschaft rechtzeitig \u00fcber das Auftreten bzw. Eintreffen der Grippewelle und die Abdeckung durch die Grippeimpfstoffe informieren zu k\u00f6nnen, erstattet das BAG zwischen Oktober und April w\u00f6chentlich Bericht und gibt eine Risikobeurteilung ab.<\/p><p>Der H\u00f6hepunkt der Grippewelle 2019\/20 ist in der Woche 6\/2020 mit 329 Grippeverdachtsf\u00e4llen pro 100 000 Einwohner aufgetreten. Die Inzidenz begann in der Woche sieben zu sinken.&#8221;<\/p><cite><a href=\"https:\/\/www.bag.admin.ch\/bag\/de\/home\/krankheiten\/ausbrueche-epidemien-pandemien\/aktuelle-ausbrueche-epidemien\/saisonale-grippe---lagebericht-schweiz.html\">bag.admin.ch<\/a> \u2013 21. M\u00e4rz 2020<\/cite><\/blockquote>\n\n\n\n<p>Zur aktuellen Lage erg\u00e4nzt das BAG:<\/p>\n\n\n\n<blockquote class=\"wp-block-quote is-layout-flow wp-block-quote-is-layout-flow\"><p>Die aktuelle Situation rund um die COVID-19 Pandemie hat Einfluss auf die Datenerhebung f\u00fcr die grippe\u00e4hnlichen Erkrankungen. Einerseits sind die Symptome von COVID-19 und einer Influenza-Erkrankung \u00e4hnlich. COVID-19 kann daher in die Statistik der grippe\u00e4hnlichen Erkrankungen einfliessen. <strong>Andererseits ver\u00e4ndert die aktuelle Lage das Verhalten von erkrankten Personen bez\u00fcglich Arztkonsultationen, was in der Interpretation der Daten ebenfalls ber\u00fccksichtigt werden muss<\/strong>. Aus diesem Grund wird die Grippe\u00fcberwachung in Sentinella ab Woche 12 [= ab 16. M\u00e4rz 2020] mit COVID-19 erg\u00e4nzt.<\/p><cite><em><a href=\"https:\/\/www.bag.admin.ch\/bag\/de\/home\/krankheiten\/ausbrueche-epidemien-pandemien\/aktuelle-ausbrueche-epidemien\/saisonale-grippe---lagebericht-schweiz.html\">bag.admin.ch<\/a> \u2013 21. M\u00e4rz 2020<\/em> (Hervorhebung Autor)<\/cite><\/blockquote>\n\n\n\n<p>Dass erst ab Mitte M\u00e4rz COVID-19 erg\u00e4nzt wird, erstaunt angesichts der schon l\u00e4nger angespannten Lage. Aber lassen wir das mal sein.<\/p>\n\n\n\n<p>Wenn es sich bei COVID-19 um einen besonders aggressiven Virus handeln sollte, m\u00fcsste sich dies in der Statistik deutlich erkennbar sein. Wie richtig bemerkt, sind die Daten um das aktuelle Verhalten zu korrigieren. Sollten sich die Zahlen nicht deutlich von der normalen Kurve abheben, h\u00e4tten wir es mit einer Teilmenge der normalen Grippewelle zu tun. <\/p>\n\n\n\n<p>Selbst die europ\u00e4ischen Daten zeigen bis zum 16. M\u00e4rz 2020 keinen signifikanten Anstieg der Todesf\u00e4lle \u2013&nbsp;im Gegenteil. Die Zahlen liegen unter den H\u00f6chstwerten der Grippe-Winter 16\/17. (<a href=\"https:\/\/www.rubikon.news\/artikel\/fakten-zum-virus\">Quelle<\/a>)<\/p>\n\n\n\n<hr class=\"wp-block-separator\"\/>\n\n\n\n<p><strong>Schritt 0: Wann hat man&#8217;s denn?<\/strong><br>Was oder wer definiert, dass man mit COVID-19 infiziert ist?<\/p>\n\n\n\n<p>Ist doch klar: Man muss das Virus im K\u00f6rper entdecken. Das geschieht mit einem Test. Aber was misst dieser denn? Und wie k\u00f6nnen jene Personen zu den Betroffenen gez\u00e4hlt werden, die nicht getestet wurden?<\/p>\n\n\n\n<p>Ein Problem ist in Italien ist z.B., dass <em>&#8220;nur (noch?) Tests bei Personen mit Krankheitssymptomen durchgef\u00fchrt, wom\u00f6glich nur bei solchen, die ins Krankenhaus eingeliefert werden.<\/em> <em>Wenn die Stichprobenauswahl so ist, dass nur noch Schwerkranke \u00fcberhaupt getestet werden, dann ist es auch kein Wunder, dass ein hoher Anteil der Getesteten auch stirbt. Alle Personen, die mit geringeren Symptomen zuhause liegen, und der bekannt hohe Anteil junger Menschen, der zwar infiziert und potenzieller \u00dcbertr\u00e4ger der Krankheit aber selbst nicht erkrankt ist, wird nie als infiziert erfasst.<\/em>&#8221; (<a href=\"https:\/\/www.rubikon.news\/artikel\/falsche-statistik\">Quelle<\/a>)<\/p>\n\n\n\n<p>Dazu gibt es Kritik, welche besagt, dass es sich bei COVID-19 nur um eine &#8220;Test-Seuche&#8221; handelt. Es werden also nicht Kranke gefunden, sondern &#8220;Test-Positive-Menschen&#8221;. (<a href=\"https:\/\/www.rubikon.news\/artikel\/der-fluch-der-pcr-methode\">Quelle<\/a>)<\/p>\n\n\n\n<figure class=\"wp-block-embed-youtube wp-block-embed is-type-video is-provider-youtube wp-embed-aspect-16-9 wp-has-aspect-ratio\"><div class=\"wp-block-embed__wrapper\">\nhttps:\/\/youtu.be\/TzTr_RjtgUk?t=607\n<\/div><\/figure>\n\n\n\n<p class=\"has-text-color has-black-color\">Die Frage ist also: Haben wir es hier mit einem speziellen Virus zu tun oder wird aus der normalen j\u00e4hrlichen Grippe ein spezielles Virus &#8220;herausgetestet&#8221;?<\/p>\n\n\n\n<hr class=\"wp-block-separator\"\/>\n\n\n\n<p><strong>Schritt 1: Wer ist bedroht?<\/strong><br>Sind alle Menschen gleich von COVID-19 bedroht oder lassen sich Gruppen ausschliessen oder als besonders gef\u00e4hrdet erkennen?<\/p>\n\n\n\n<p>Zu ber\u00fccksichtigen ist hier das oben beschriebene Ph\u00e4nomen, dass hier nur gemessene F\u00e4lle aufgef\u00fchrt sind (oder wie wurde die Zuweisung auf COVID-19 vorgenommen?). Wer sich also nicht testen l\u00e4sst, erscheint nicht in der Statistik.<\/p>\n\n\n\n<p>Zun\u00e4chst m\u00f6chte ich wissen, ob alle Bev\u00f6lkerungsschichten gleich von COVID-19 betroffen sind. Das BAG weist diesbez\u00fcglich diese Abbildung aus:<\/p>\n\n\n\n<figure class=\"wp-block-image size-large\"><img loading=\"lazy\" decoding=\"async\" width=\"1024\" height=\"840\" src=\"https:\/\/unbequemefragen.ch\/wp-content\/uploads\/2020\/03\/COVID-19_Verteilung-1024x840.png\" alt=\"\" class=\"wp-image-1387\" srcset=\"https:\/\/unbequemefragen.ch\/wp-content\/uploads\/2020\/03\/COVID-19_Verteilung-1024x840.png 1024w, https:\/\/unbequemefragen.ch\/wp-content\/uploads\/2020\/03\/COVID-19_Verteilung-300x246.png 300w, https:\/\/unbequemefragen.ch\/wp-content\/uploads\/2020\/03\/COVID-19_Verteilung-768x630.png 768w, https:\/\/unbequemefragen.ch\/wp-content\/uploads\/2020\/03\/COVID-19_Verteilung-1536x1259.png 1536w, https:\/\/unbequemefragen.ch\/wp-content\/uploads\/2020\/03\/COVID-19_Verteilung.png 1710w\" sizes=\"auto, (max-width: 1024px) 100vw, 1024px\" \/><\/figure>\n\n\n\n<p>Erkenntnis: Kinder und Jugendliche sind unterdurchschnittlich von COVID-19 betroffen. Im Alter sind M\u00e4nner gef\u00e4hrdeter als Frauen.<\/p>\n\n\n\n<p>Vorausgesetzt, dass die Statistik die Realit\u00e4t abbildet, stellt sich mir daher die Frage, wieso Schulen geschlossen werden mussten? Das BAG liefert die Antwort selbst \u2013 und sie k\u00f6nnte politischer nicht sein. Die Weltwoche schreibt: <\/p>\n\n\n\n<blockquote class=\"wp-block-quote is-layout-flow wp-block-quote-is-layout-flow\"><p>F\u00fcr grosses Erstaunen sorgte die Aussage von Daniel Koch, dass man die Schulen in erster Linie wegen der besorgten Eltern geschlossen habe, denn die Kinder seien mit Sicherheit nicht die Haupttreiber der Epidemie.  <\/p><cite>Weltwoche 12\/2020<\/cite><\/blockquote>\n\n\n\n<p>Erg\u00e4nzend dazu ein aufschlussreicher Passus aus der <a href=\"http:\/\/infekt.ch\/2020\/03\/neues-verstaendnis-der-covid-19-epidemie\/\">Klinik f\u00fcr Infektiologie\/Spitalhygiene des Kantonsspitals St.Gallen<\/a>:<\/p>\n\n\n\n<blockquote class=\"wp-block-quote is-layout-flow wp-block-quote-is-layout-flow\"><p>&#8220;[I]ch habe beim Bund nachgefragt: Niemand hatte f\u00fcr diese Entscheidung [die Schulen zu schliessen] eine wissenschaftliche Basis. Man hat es eingef\u00fchrt, weil die anderen L\u00e4nder es auch eingef\u00fchrt hatten. Aber wenn wir jetzt davon ausgehen, dass vielleicht ein grosser Teil der Kinder rasch angesteckt wird (und das lassen uns die epidemiologischen Zahlen) so k\u00f6nnte es mindestens theoretisch sein, dass es am besten w\u00e4re, wenn unsere Kinder m\u00f6glichst rasch immun werden. Denn zwei Dinge wissen wir bestimmt: Wenn viele Kinder immun werden, wird sich die Krankheit viel langsamer ausbreiten. Genau das, was wir wollen. Und was wir auch wissen: Kinder werden nicht schwer krank und sterben nie an der Krankheit.&#8221;<\/p><cite>Prof. Dr. med. Pietro Vernazza, Chefarzt der Infektiologie<\/cite><\/blockquote>\n\n\n\n<p>Wie steht es z.B. mit bereits angeschlagenen Personen? K\u00f6nnte es sein, dass diese das Virus einfacher empfangen als z.B. kerngesunde Personen mit einem gut funktionierenden Immunsystem?<\/p>\n\n\n\n<p>Da gibt es aber Widerspruch: <\/p>\n\n\n\n<div class=\"wp-block-image\"><figure class=\"aligncenter size-large\"><img decoding=\"async\" src=\"https:\/\/www.rubikon.news\/media\/images\/619e98e2426ebc4a4cb1137ce6b4149e.jpg\" alt=\"\"\/><\/figure><\/div>\n\n\n\n<blockquote class=\"wp-block-quote is-layout-flow wp-block-quote-is-layout-flow\"><p>&#8220;Demnach w\u00e4ren in Korea 30 Prozent der Infizierten zwischen 20 und 29 Jahre alt, in Italien dagegen nur 3,7 Prozent? Ganz sch\u00f6n unterschiedlich, die Asiaten und die Europ\u00e4er? Nein, das sind sie nat\u00fcrlich nicht: Diese seltsame Verteilung der Infizierten zu den aller\u00e4ltesten Bev\u00f6lkerungsgruppen hin kommt dadurch zustande, dass in Italien \u00fcberhaupt nur diese Altersgruppen getestet werden.<\/p><p>Wenn aber keine 20- bis 29-J\u00e4hrigen getestet werden, weil diese (fast oder gar) nie erkranken, dann ist es auch kein Wunder, dass in diesem Alter keine Infizierten gefunden werden. Dass es \u00fcberhaupt noch den Prozentsatz von 3,7 gibt, hat den historischen Grund, dass eben zu Anfang der Epidemie noch \u00fcber alle Altersgruppen hinweg getestet wurde.&#8221;<\/p><cite><a href=\"https:\/\/www.rubikon.news\/artikel\/falsche-statistik\">rubikon.news<\/a><\/cite><\/blockquote>\n\n\n\n<p>Weitere Auswertungen sind mir nicht bekannt. Auf welche sollten wir uns nun verlassen? Gibt es Unterschiede nach Region? Oder gibt es eine &#8220;normale&#8221; Bedrohung f\u00fcr alle Menschen? G\u00e4be es sie, k\u00f6nnte man sich auf die grossen &#8220;Virenschleudern&#8221; konzentrieren und andere getrost wieder in die Schule schicken.<\/p>\n\n\n\n<p>Man kann daher den Jungen auch nicht wirklich b\u00f6se sein, wenn sie sich den Ratschl\u00e4gen entziehen und nicht zuhause bleiben, sondern weiterhin Party machen. Das BAG sagt ja selbst, dass sie nicht die Treiber sind! So What?<\/p>\n\n\n\n<p>Es kommt aber noch schlimmer: &#8220;<em>Die Covid-19 Tests sind mit einer falsch-positiv-Rate von 47 Prozent extrem fehleranf\u00e4llig. Dies zeigt eine am 5. M\u00e4rz ver\u00f6ffentlichte wissenschaftliche Auswertung von Zahlen aus China.<\/em>&#8221; (<a href=\"https:\/\/www.rubikon.news\/artikel\/die-ruhe-vor-dem-perfekten-sturm\">Quelle<\/a>)<\/p>\n\n\n\n<p>Oder ist es so, wie in der Kritik (siehe oben) ge\u00e4ussert: COVID-19 hat, wer danach getestet wird? Hat jemand eine Quelle, welche aufschl\u00fcsselt, wie viele der getesteten Personen ein NEGATIVES Resultat auf COVID-19 aufweisen? <\/p>\n\n\n\n<p><strong>Wie zum Teufel kann man dann so weitreichende Entscheidungen treffen, wenn die Datengrundlage so unsicher ist? <\/strong><\/p>\n\n\n\n<hr class=\"wp-block-separator\"\/>\n\n\n\n<p><strong>Schritt 2: No-Go Areas<\/strong><br>Wie und Wo wird das Virus \u00fcbertragen?<\/p>\n\n\n\n<p>Mit der Schliessung von Restaurants, Bars, Coiffeursalons, Kleidergesch\u00e4fte, etc. und dem Verbot von Veranstaltungen ging der Bundesrat davon aus, dass das Virus bei solchen Gelegenheiten verbreitet wird. Zahlen dazu konnte er keine nennen. Wir wissen also nicht, ob diese Massnahme gerechtfertigt ist oder ob sie nur aus dem &#8220;Hohlen Bauch&#8221; heraus erfolgt. Dass dies relevant ist, zeigt der Blick auf den volkswirtschaftlichen Schaden, den der Bundesrat damit verursacht.<\/p>\n\n\n\n<p>Vielleicht ist es ja so, dass das Virus prim\u00e4r im privaten Rahmen, beim Besuch des Nonno aus Italien oder der Geburtstagsparty \u00fcbertragen wird? Vielleicht w\u00fcrden ja auch die normalen Massnahmen (H\u00e4nde waschen, Abstand halten, etc.) ausreichen?<\/p>\n\n\n\n<p>Auf jeden Fall w\u00e4re das der Moment gewesen, wo man Grenzen h\u00e4tte schliessen bzw. Grenz\u00fcbertritte genau h\u00e4tte pr\u00fcfen m\u00fcssen. Ohne negativen COVID-19 Test der letzten 3 Tage w\u00e4re niemand mehr \u00fcber die Grenze bzw. ins Land gekommen. Viel w\u00e4re uns erspart geblieben.<\/p>\n\n\n\n<hr class=\"wp-block-separator\"\/>\n\n\n\n<p><strong>Schritt 3: Wenn man&#8217;s hat, was hat man dann?<\/strong><br>Hat man als COVID-19 infizierter Mensch ein Problem? <\/p>\n\n\n\n<p>In den Medien steigen die Zahlen der infizierten Personen. Angst macht sich breit. Zu Recht? Muss jeder infizierter Mensch sich Sorgen machen, dass er auf der (\u00fcberlasteten) Intensivstation endet oder sogar stirbt?<\/p>\n\n\n\n<p>Wenn ich mich richtig erinnere, weisen 80% der infizierten Personen eine schwache Auspr\u00e4gung aus. Viele merken gar nicht, dass die COVID-19 haben (weil sie nicht getestet werden). Bei anderen sind die Symptome sehr \u00e4hnlich wie bei einer &#8220;normalen&#8221; Grippe. <\/p>\n\n\n\n<p>Was offenbar ein Problem ist, ist die Viralit\u00e4t bzw. die \u00dcbertragbarkeit. Die kann aber mit ein paar grundlegenden Hygienevorkehrungen einged\u00e4mmt werden (H\u00e4nde waschen, Abstand halten, desinfizieren, Gesichtskontakt meiden).<\/p>\n\n\n\n<p>Das zweite Problem ist die Inkubationszeit, welche mit 14 Tagen erstaunlich lang (?) ist. W\u00e4hrend dieser Zeit kann man das Virus weitergeben. Wer 14 Tage nach einer m\u00f6glichen Ansteckung noch nicht krank wurde, gilt als &#8220;sauber&#8221; (sonst m\u00fcsste die Quarant\u00e4ne verl\u00e4ngert werden). Gibt es eigentlich Viren mit \u00e4hnlich langer Inkubationszeit? <\/p>\n\n\n\n<p>Ist man nach diesen 14 Tagen eigentlich immun? Hier scheint es zwei sich widersprechende Aussagen zu geben. Die einen sprechen von &#8220;Herdenimmunit\u00e4t&#8221; einer Gesellschaft, w\u00e4hrend die anderen davon sprechen, dass eine Immunit\u00e4t gegen\u00fcber COVID-19 nicht m\u00f6glich sei. <\/p>\n\n\n\n<hr class=\"wp-block-separator\"\/>\n\n\n\n<p><strong>Schritt 4: Houston, I have a problem!<\/strong><br>Welche kranken Personen werden in die Spit\u00e4ler eingewiesen?<\/p>\n\n\n\n<p>&#8220;Flatten the Curve!&#8221; Es geht also darum, dass das sehr staatsnahe Gesundheitssystem nicht \u00fcberlastet wird. Der Staat verteidigt mit seinen Massnahmen also sein eigenes System. Und hier hat er versagt (<a href=\"https:\/\/www.srf.ch\/news\/schweiz\/warum-bei-corona-am-anschlag-versaeumnisse-der-behoerden-bei-der-pandemie-vorsorge\">Quelle<\/a>). Das gilt es im Hinterkopf zu behalten.<\/p>\n\n\n\n<p>Interessanterweise finde ich kaum Zahlen \u00fcber die an die Spit\u00e4ler \u00fcberwiesenen Patienten, welche auf COVID-19 positiv getestet wurden. Wir h\u00f6ren zwar immer wieder, wie nahe an der Kapazit\u00e4tsgrenze die Spit\u00e4ler arbeiten, aber kaum, ob die Situation prim\u00e4r wegen COVID-19 eingelieferter Patienten entstanden ist. <\/p>\n\n\n\n<p>Nur so als Einschub. Wir hatten letzten November mit einem Spital zu tun und stellten fest, dass dieses \u2013&nbsp;zumindest auf der besuchten Abteilung \u2013&nbsp;an der Kapazit\u00e4tsgrenze arbeitet. Wenn die Situation schon so angespannt ist, dann braucht es nicht mehr viel und die Abteilungen sind \u00fcberlastet.<\/p>\n\n\n\n<p>Ich m\u00f6chte also gerne folgende Fragen beantwortet haben:<\/p>\n\n\n\n<ul class=\"wp-block-list\"><li> Wie hoch betr\u00e4gt die grunds\u00e4tzliche &#8220;\u00dcberkapazit\u00e4t&#8221; (oder Reserve) in den Spit\u00e4lern (schweizweit)? Wurde diese allenfalls in den letzten Jahren aus finanziellen Gr\u00fcnden reduziert?<\/li><li>Wie viele COVID-19 Patienten werden t\u00e4glich in die Spit\u00e4ler eingewiesen? <\/li><li><strong>Lassen sich die Patienten einer Gruppe (Alte, Junge, M\u00e4nner, Frauen, Vorbelastete) zuweisen und l\u00e4sst sich daraus ein Muster ableiten, welche Bev\u00f6lkerungsschichten speziell zu sch\u00fctzen sind?<\/strong><\/li><li><strong>Welches sind die im Zusammenhang mit COVID-19 geforderten Behandlungen sowie die dazu n\u00f6tigen (kritischen) Mittel?<\/strong><\/li><li>Wie lange bleiben die COVID-19-Patienten im Schnitt?<\/li><li>Wie viele (genesene) Patienten werden t\u00e4glich aus den Spit\u00e4lern entlassen?<\/li><li>Wie viele der einst eingewiesenen Patienten k\u00f6nnen das Spital (mehr oder weniger) gesund verlassen?<\/li><li>Wie hoch betr\u00e4gt die Auslastung der Spit\u00e4ler aktuell?<\/li><li>F\u00fcr wie viele Tage reichen diese Mittel bei gleichbleibender Belastung?<\/li><\/ul>\n\n\n\n<p>Erhaltene\/Gefundene Infos:<\/p>\n\n\n\n<ul class=\"wp-block-list\"><li>Schweizweit verf\u00fcgbar: rund 800 Betten f\u00fcr Intensivpatienten (IPS \u2013 Intensivpflegestationen), kann auf ca. 1&#8217;200 erh\u00f6ht werden.<\/li><li>Im Inselspital, dem drittgr\u00f6ssten Spital der Schweiz, waren in den letzten Tagen nie mehr als 15 Patienten hospitalisiert, dies obwohl rund 200 Personen positiv getestet wurden. Alle verf\u00fcgen \u00fcber Ersterkrankungen. COVID-19 verschlimmert zwar deren Situation, tritt aber stets nachgelagert auf. Es w\u00fcrde damit reichen, die \u00fcber 65-j\u00e4hrigen mit Ersterkrankungen zu sch\u00fctzen und den Rest &#8220;durchseuchen&#8221; lassen.<\/li><\/ul>\n\n\n\n<hr class=\"wp-block-separator\"\/>\n\n\n\n<p><strong>Schritt 5: Wenn der Tod fr\u00fcher kommt<\/strong><br>Welche Bev\u00f6lkerungsgruppe sterben <strong>wegen<\/strong> COVID-19?<\/p>\n\n\n\n<p>Hier wissen wir, dass fast alle ausgewiesenen COVID-19-Todesf\u00e4lle bei alten und\/oder gesundheitlich vorbelasteten Personen auftreten. Deshalb sollen Personen \u00fcber 65 Jahre auch zuhause bleiben und sich einer Selbst-Quarant\u00e4ne unterstellen. Das ist so einfach verst\u00e4ndlich, dass es sogar die Politik versteht. <\/p>\n\n\n\n<p>Dabei wird nicht ausgewiesen, ob der Tod <strong>wegen<\/strong> COVID-19 eintritt oder wegen eines anderen Gebrechens und COVID-19 einfach <strong>nur als &#8220;anwesend&#8221; getestet<\/strong> wurde. Das ist wichtig, um die effektive Mortalit\u00e4t des Virus einsch\u00e4tzen zu k\u00f6nnen. W\u00e4re sie extrem gering, k\u00f6nnten wir viel ruhiger schlafen. W\u00fcrden aber alle Tode auf COVID-19 positiv getestet (siehe oben!) und COVID-19 nicht todbringend, w\u00fcrde das Virus v\u00f6llig \u00fcbersch\u00e4tzt \u2013 was nat\u00fcrlich medial vielleicht sogar w\u00fcnschenswert ist, damit sich die Politik positiv in Szene setzen kann. Aber das ist eine andere Geschichte.<\/p>\n\n\n\n<p>Banal verglichen: Wenn man bei einem Toten feststellt, dass er z.B. ein Ekzem hat, w\u00fcrde man ja auch nicht behaupten, dass er daran gestorben ist. Bei COVID-19 k\u00f6nnte dieser Trugschluss aber passiert sein. Man m\u00f6ge mich korrigieren!<\/p>\n\n\n\n<blockquote class=\"wp-block-quote is-layout-flow wp-block-quote-is-layout-flow\"><p>Inzwischen ist jedoch klar, dass bestimmte Regionen in Norditalien, d.h. diejenigen, die mit den&nbsp;<a rel=\"noreferrer noopener\" href=\"https:\/\/en.wikipedia.org\/wiki\/2020_Italy_coronavirus_lockdown\" target=\"_blank\">h\u00e4rtesten Sperrma\u00dfnahmen<\/a>&nbsp;konfrontiert sind, deutlich erh\u00f6hte Tages\u00adsterb\u00adlichkeits\u00adzahlen aufweisen. Es ist auch bekannt, dass in der Region Lombardei 90% der testpositiven Todesf\u00e4lle&nbsp;<em>nicht<\/em>&nbsp;auf der Intensivstation, sondern&nbsp;<a rel=\"noreferrer noopener\" href=\"https:\/\/www.tgcom24.mediaset.it\/cronaca\/coronavirus-in-lombardia-9-morti-su-10-mai-giunti-in-terapia-intensiva_16362350-202002a.shtml\" target=\"_blank\">meist zu Hause<\/a>&nbsp;auftreten. Und mehr als 99% dieser Todesf\u00e4lle haben schwere gesundheitliche Vorerkrankungen.<\/p><cite><a href=\"https:\/\/swprs.org\/covid-19-hinweis-ii\/\">Professor Ioannidis und Bhakdi<\/a><\/cite><\/blockquote>\n\n\n\n<p>Auch zu beachten ist die Tatsache, dass ein an COVID-19 gestorbener Mensch alle vorherigen Phasen mit der entsprechenden \u2013&nbsp;zu seinen Ungunsten ausgefallenen \u2013&nbsp;Wahrscheinlichkeit hat durchlaufen m\u00fcssen. <\/p>\n\n\n\n<p>Sehr &#8220;kreativ&#8221; ist die Z\u00e4hlweise in der Lombardei: &#8220;Angelo Borrelli, Leiter der Zivilschutzbeh\u00f6rde Italien, hat bei einer Pressekonferenz gesagt: &#8220;<em>Ich m\u00f6chte aber nochmal darauf hinweisen, dass wir alle Verstorbenen z\u00e4hlen, dass wir nicht unterscheiden zwischen Corona-Infizierten die gestorben sind und denen die wegen das Coronavirus gestorben sind<\/em>&#8220;. (<a href=\"http:\/\/alles-schallundrauch.blogspot.com\/2020\/03\/warum-ist-die-sterberate-in-der.html\">Quelle<\/a>, <a href=\"https:\/\/off-guardian.org\/2020\/03\/23\/italy-only-12-of-covid19-deaths-list-covid19-as-cause\">Quelle<\/a>: &#8220;<em>Italy: Only 12% of \u201cCovid19 deaths\u201d list Covid19 as cause<\/em>&#8220;)<\/p>\n\n\n\n<p>Selbst das &#8216;Robert-Koch-Institut&#8217; (RKI) z\u00e4hlt genauso (<a href=\"https:\/\/swprs.org\/rki-relativiert-corona-todesfaelle\/\">Quelle<\/a>).<\/p>\n\n\n\n<p>Er w\u00e4re also (im schlimmsten Fall):<br>a) Teil einer besonders bedrohten Bev\u00f6lkerungsschicht;<br>b) zur falschen Zeit am falschen Ort und hielte die Hygienemassnahmen nicht ein;<br>c) Teil der 20%, bei denen das Virus sich gesundheitlich signifikant \u00e4ussert;<br>d) Teil jener x%, welche sogar in ein Spital eingewiesen werden m\u00fcssen;<br>e) Teil jener, welche (zudem?) gesundheitlich vorbelastet sind;<br>f) Teil jener x%, f\u00fcr die es keine notwendigen Behandlungsmittel (mehr) gibt;<br>g) Teil jener &gt;90% Bev\u00f6lkerungsschicht, welche an ihren Krankheiten sterben.<\/p>\n\n\n\n<p>Nun kann man rechnen (meine Annahmen, Fakten willkommen):<br>a = 20%<br>b = 50%<br>c = 20%<br>d = 10% (in Italien sterben 90% ausserhalb des Spitals, siehe oben)<br>e = 30%<br>f = 10% (steigend?)<br>g = 90%<\/p>\n\n\n\n<p>Multipliziert ergibt dies 0.0054%. Auf 8&#8217;500&#8217;000 Bewohner der Schweiz sind das 459 Tote. Das sieht mir nicht nach einer \u00dcber-Mortalit\u00e4t aus.<\/p>\n\n\n\n<p>Validierung: <em>&#8220;Wenn die Schweiz mit ihren 8,5 Mio. Einwohnern die Todesrate im Corona-Kerngebiet, der chinesischen Provinz Hubei mit 57 Mio. Einwohnern und aktuell 3.133 Corona-Opfern (Stand 20. M\u00e4rz 2020) erreicht, kommt sie auf 463 Todesf\u00e4lle. Es m\u00fcsste mehr als f\u00fcnfmal so viele Corona-Tote geben, um nur die Mortalit\u00e4t der Grippewelle von 2015 zu erreichen, die ger\u00e4uschlos an uns vor\u00fcbergegangen ist und an die sich heute niemand mehr erinnert.&#8221;<\/em> (<a href=\"https:\/\/www.rubikon.news\/artikel\/die-ruhe-vor-dem-perfekten-sturm\">Quelle<\/a>)<\/p>\n\n\n\n<p>Selbst in der <a href=\"https:\/\/www.bfs.admin.ch\/bfs\/de\/home\/statistiken\/gesundheit\/gesundheitszustand\/sterblichkeit-todesursachen.assetdetail.12467047.html\">offiziellen Statistik des BfS<\/a> sieht man keinen signifikanten Anstieg an Todesf\u00e4llen im Jahr 2020. Bei den \u00fcber 65-j\u00e4hrigen bleibt es im Rahmen der \u00fcblichen Schwankungen. Bei den j\u00fcngeren (unter 65) bewegen wir uns am unteren Rand. Vermutlich wird diese Zahl bald unter den statistisch signifikanten Durchschnittswert fallen.<\/p>\n\n\n\n<hr class=\"wp-block-separator\"\/>\n\n\n\n<p><strong>Fazit<\/strong><\/p>\n\n\n\n<p>Es gibt viele Stellschrauben an denen man drehen k\u00f6nnte \u2013&nbsp;wenn die Zahlen vorliegen w\u00fcrden. Fl\u00e4chendeckende Massnahmen w\u00e4ren damit nicht n\u00f6tig. Aber eben wie so oft, wenn man keine Daten hat, schiesst man mit der grossen Kanone. Vielleicht w\u00e4re aber auch der chirurgische Eingriff m\u00f6glich? <\/p>\n\n\n\n<p><strong>Weitere Quellen<\/strong><\/p>\n\n\n\n<ul class=\"wp-block-list\"><li><a href=\"https:\/\/www.ebm-netzwerk.de\/de\/veroeffentlichungen\/nachrichten\/covid-19-wo-ist-die-evidenz\">Wo ist die Evidenz?<\/a><\/li><li><a href=\"https:\/\/www.rubikon.news\/artikel\/das-killer-virus-in-zahlen\">Das Killer-Virus in Zahlen<\/a><\/li><li><a href=\"https:\/\/de.sputniknews.com\/politik\/20200322326661810-hartes-vorgehen-in-corona-krise-trotz-unzuverlaessiger-daten\/\">Hartes Vorgehen in Corona-Krise trotz unzuverl\u00e4ssiger Daten?<\/a><\/li><li><a href=\"https:\/\/www.voltairenet.org\/article209503.html\">Covid-19: Propaganda und Manipulation<\/a><\/li><li><a href=\"https:\/\/swprs.org\/offener-brief-von-professor-sucharit-bhakdi-an-bundeskanzlerin-dr-angela-merkel\/\">Offener Brief von Professor Sucharit Bhakdi an Bundeskanzlerin Dr. Angela\u00a0Merkel<\/a><\/li><li><a href=\"https:\/\/pubmed.ncbi.nlm.nih.gov\/32133832\/?fbclid=IwAR3LHLplRtmPZED3jt_Hjf2ZKysmDcXMU5LgVgNPcqNAtb9EzcQBKMtCIoI\">Potential False-Positive Rate Among the &#8216;Asymptomatic Infected Individuals&#8217; in Close Contacts of COVID-19 Patients<\/a><\/li><li><a href=\"https:\/\/southfront.org\/artificial-region-of-fear-italys-high-death-toll-from-covid-19-is-a-result-of-mild-flu-season\/\">ITALY\u2019S HIGH DEATH TOLL FROM COVID-19 IS A RESULT OF MILD FLU SEASON<\/a><\/li><li><a href=\"https:\/\/www.rubikon.news\/artikel\/keine-belege-fur-corona-gefahr\">W<em>ir jagen vor lauter Hysterie und Manipulation durch die Medien inzwischen einen \u201eCorona-Geist\u201c<\/em><\/a><\/li><li><a href=\"http:\/\/alles-schallundrauch.blogspot.com\/2020\/04\/coronasterblichkeit-hat-mit.html\">Coronasterblichkeit hat mit Luftverschmutzung zu tun<\/a><\/li><\/ul>\n","protected":false},"excerpt":{"rendered":"<p>In den vergangenen Tagen habe ich mich immer wieder gefragt, &#8220;wo liegt eigentlich das Problem?&#8221; Zu oft habe ich das Gef\u00fchl, dass viele Experten, Medien und Politiker mit den Zahlen ein Durcheinander haben und so mehr zur Verwirrung als zur &hellip; <a href=\"https:\/\/unbequemefragen.ch\/?p=1386\">Continue reading <span class=\"meta-nav\">&rarr;<\/span><\/a><\/p>\n","protected":false},"author":1,"featured_media":0,"comment_status":"open","ping_status":"open","sticky":false,"template":"","format":"standard","meta":{"_jetpack_memberships_contains_paid_content":false,"footnotes":""},"categories":[1],"tags":[121,85,89],"class_list":["post-1386","post","type-post","status-publish","format-standard","hentry","category-uncategorized","tag-gesundheit","tag-schweiz","tag-sicherheit"],"jetpack_featured_media_url":"","jetpack_sharing_enabled":true,"post_mailing_queue_ids":[],"_links":{"self":[{"href":"https:\/\/unbequemefragen.ch\/index.php?rest_route=\/wp\/v2\/posts\/1386","targetHints":{"allow":["GET"]}}],"collection":[{"href":"https:\/\/unbequemefragen.ch\/index.php?rest_route=\/wp\/v2\/posts"}],"about":[{"href":"https:\/\/unbequemefragen.ch\/index.php?rest_route=\/wp\/v2\/types\/post"}],"author":[{"embeddable":true,"href":"https:\/\/unbequemefragen.ch\/index.php?rest_route=\/wp\/v2\/users\/1"}],"replies":[{"embeddable":true,"href":"https:\/\/unbequemefragen.ch\/index.php?rest_route=%2Fwp%2Fv2%2Fcomments&post=1386"}],"version-history":[{"count":21,"href":"https:\/\/unbequemefragen.ch\/index.php?rest_route=\/wp\/v2\/posts\/1386\/revisions"}],"predecessor-version":[{"id":1417,"href":"https:\/\/unbequemefragen.ch\/index.php?rest_route=\/wp\/v2\/posts\/1386\/revisions\/1417"}],"wp:attachment":[{"href":"https:\/\/unbequemefragen.ch\/index.php?rest_route=%2Fwp%2Fv2%2Fmedia&parent=1386"}],"wp:term":[{"taxonomy":"category","embeddable":true,"href":"https:\/\/unbequemefragen.ch\/index.php?rest_route=%2Fwp%2Fv2%2Fcategories&post=1386"},{"taxonomy":"post_tag","embeddable":true,"href":"https:\/\/unbequemefragen.ch\/index.php?rest_route=%2Fwp%2Fv2%2Ftags&post=1386"}],"curies":[{"name":"wp","href":"https:\/\/api.w.org\/{rel}","templated":true}]}}