{"id":110,"date":"2008-08-29T11:09:15","date_gmt":"2008-08-29T09:09:15","guid":{"rendered":"http:\/\/mmexm.wordpress.com\/?p=110"},"modified":"2008-08-29T11:09:15","modified_gmt":"2008-08-29T09:09:15","slug":"klimaschwindel","status":"publish","type":"post","link":"https:\/\/unbequemefragen.ch\/?p=110","title":{"rendered":"Klimaschwindel"},"content":{"rendered":"<p>Allenortes h\u00f6rt man mahnende Worte. Das Klima soll kurz vor dem Kollaps stehen und wir Menschen tr\u00fcgen die Hauptschuld. Deshalb gelte es von staatlicher Seite etwas dagegen zu tun. Ja, &#8220;etwas tun&#8221; &#8211; aber was?<\/p>\n<p>Da ich davon \u00fcberzeugt bin, dass sich der Mensch grunds\u00e4tzlich (und dies konstant seit Jahrhunderten) masslos \u00fcbersch\u00e4tzt, wird es auch dieses Mal nicht anders sein. Ausserdem spielen zu viele monet\u00e4re Interessen eine gewichtige Rolle (Anzapfen von Steuergeldern). Das ganze Gerede von &#8220;Klimarappen&#8221;, &#8220;Umweltabgabe&#8221;, &#8220;CO2-Steuer&#8221; und wie sie alle heissen geht mir m\u00e4chtig auf den Sack! Allein der Zweck soll die Mittel heiligen&#8230;?<\/p>\n<p>Mit grosser Begeisterung habe ich daher von der <a href=\"http:\/\/www.klima-schwindel.com\/\">Initiative<\/a> eines &#8211; vielleicht nicht mit der Gabe eines PR-Fuzzis ausgestatteten &#8211; <a href=\"http:\/\/www.werner-furrer.com\/\">Mathematikers aus Basel namens Werner Furrer<\/a> gelesen. Aber der Inhalt soll ja wichtiger sein als die Verpackung! Der Wortlaut:<\/p>\n<blockquote><p><em>Art. 135a (neu)<br \/>\n<strong>Verbot von Abgaben und Subventionen f\u00fcr Massnahmen zur Beeinflussung des Klimas<br \/>\n<\/strong><br \/>\n1<br \/>\nDie Schweiz anerkennt weder verbindliche Prognosen \u00fcber die Entwicklung des Klimas noch Verfahren, dieses in n\u00fctzlicher Weise zu lenken oder zu sch\u00fctzen. <\/em><\/p>\n<p><em>2<br \/>\nSie ergreift keine Massnahmen und beteiligt sich nicht an v\u00f6lkerrechtlichen Vertr\u00e4gen, die f\u00fcr Zwecke nach Absatz 1 propagiert oder gefordert werden. <\/em><\/p>\n<p><em>3<br \/>\nAbgaben, Subventionen, fiskalische und sonstige staatliche Verg\u00fcnstigungen mit dem Zweck, das Klima zu beeinflussen, sind verboten. <\/em><\/p><\/blockquote>\n<p>Herrlich! Endlich ein klarer Gegenpol zum \u00fcberstaatlich verordneten Klima-Hype und gegen neue Steuern und Abgaben unter dem Deckmantel des &#8220;Klimaschutzes&#8221;. Unbedingt mitmachen, unterschreiben, weitersagen!<\/p>\n","protected":false},"excerpt":{"rendered":"<p>Allenortes h\u00f6rt man mahnende Worte. Das Klima soll kurz vor dem Kollaps stehen und wir Menschen tr\u00fcgen die Hauptschuld. Deshalb gelte es von staatlicher Seite etwas dagegen zu tun. Ja, &#8220;etwas tun&#8221; &#8211; aber was? Da ich davon \u00fcberzeugt bin, &hellip; <a href=\"https:\/\/unbequemefragen.ch\/?p=110\">Continue reading <span class=\"meta-nav\">&rarr;<\/span><\/a><\/p>\n","protected":false},"author":3,"featured_media":0,"comment_status":"open","ping_status":"open","sticky":false,"template":"","format":"standard","meta":{"_jetpack_memberships_contains_paid_content":false,"footnotes":""},"categories":[1],"tags":[50,137,85,142,100],"class_list":["post-110","post","type-post","status-publish","format-standard","hentry","category-uncategorized","tag-klima","tag-politik","tag-schweiz","tag-staat","tag-steuern"],"jetpack_featured_media_url":"","jetpack_sharing_enabled":true,"post_mailing_queue_ids":[],"_links":{"self":[{"href":"https:\/\/unbequemefragen.ch\/index.php?rest_route=\/wp\/v2\/posts\/110","targetHints":{"allow":["GET"]}}],"collection":[{"href":"https:\/\/unbequemefragen.ch\/index.php?rest_route=\/wp\/v2\/posts"}],"about":[{"href":"https:\/\/unbequemefragen.ch\/index.php?rest_route=\/wp\/v2\/types\/post"}],"author":[{"embeddable":true,"href":"https:\/\/unbequemefragen.ch\/index.php?rest_route=\/wp\/v2\/users\/3"}],"replies":[{"embeddable":true,"href":"https:\/\/unbequemefragen.ch\/index.php?rest_route=%2Fwp%2Fv2%2Fcomments&post=110"}],"version-history":[{"count":0,"href":"https:\/\/unbequemefragen.ch\/index.php?rest_route=\/wp\/v2\/posts\/110\/revisions"}],"wp:attachment":[{"href":"https:\/\/unbequemefragen.ch\/index.php?rest_route=%2Fwp%2Fv2%2Fmedia&parent=110"}],"wp:term":[{"taxonomy":"category","embeddable":true,"href":"https:\/\/unbequemefragen.ch\/index.php?rest_route=%2Fwp%2Fv2%2Fcategories&post=110"},{"taxonomy":"post_tag","embeddable":true,"href":"https:\/\/unbequemefragen.ch\/index.php?rest_route=%2Fwp%2Fv2%2Ftags&post=110"}],"curies":[{"name":"wp","href":"https:\/\/api.w.org\/{rel}","templated":true}]}}