{"id":106,"date":"2008-08-25T22:12:35","date_gmt":"2008-08-25T20:12:35","guid":{"rendered":"http:\/\/mmexm.wordpress.com\/?p=106"},"modified":"2008-08-25T22:12:35","modified_gmt":"2008-08-25T20:12:35","slug":"balsam-fur-die-wirtschafts-seele","status":"publish","type":"post","link":"https:\/\/unbequemefragen.ch\/?p=106","title":{"rendered":"Balsam f\u00fcr die Wirtschafts-Seele"},"content":{"rendered":"<p>Das Interview mit dem VR Pr\u00e4sidenten von Julius B\u00e4r, Raymond B\u00e4r von letzten Sonntag in der <a href=\"http:\/\/www.sonntagszeitung.ch\/wirtschaft\/\">SonntagsZeitung<\/a> ist wahrlich Balsam f\u00fcr die Wirtschafts-Seele. Endlich wieder einmal einer, der sich zu unseren Werten, unseren Regeln und unserer Identit\u00e4t bekennt:<\/p>\n<blockquote><p><strong>Bank(kunden)geheimnis:<\/strong><br \/>\n&#8220;Ich [spreche] lieber vom Schutz der finanziellen Privatsph\u00e4re. Ich bin der festen \u00dcberzeugung, dass es weltweit eine Koalition geben wird, die gross genug ist, um in einer zusehends orwellschen Welt die Menschen vor willk\u00fcrlichen Eingriffen zu sch\u00fctzen.&#8221;<\/p>\n<p><strong>Steuerbetrug:<\/strong><br \/>\n&#8220;Wir Schweizer w\u00e4ren gut beraten, uns die Rechtsordnung nicht vom Ausland aufzwingen zu lassen. Es geht den Kritikern nicht um moralische oder ethische Standards, sondern um harte Wirtschaftspolitik. Es geht um Machtpolitik. Vor allem defizit\u00e4re Hochsteuerl\u00e4nder kritisieren die Schweiz. [&#8230;] Ich bin jedenfalls stolz darauf, dass wir in der Schweiz noch immer in einem Vertrauensstaat leben. Bei uns ist der B\u00fcrger m\u00fcndig, in andern europ\u00e4ischen L\u00e4ndern wird er entm\u00fcndigt. Einen Misstrauensstaat wie Deutschland k\u00f6nnen wir nicht wollen.&#8221;<\/p>\n<p><strong>Bankenkrise:<br \/>\n<\/strong>&#8220;Die Schweiz ist ein Vorzeigeland, das bis jetzt die Krise privatwirtschaftlich gel\u00f6st hat. Es sind keine \u00f6ffentlichen Mittel geflossen. Anders in den USA, in England oder Deutschland. Und daf\u00fcr m\u00f6chte ich auch der Nationalbank ein Kr\u00e4nzchen winden, die die Krise bis jetzt hervorragend gemeistert hat.&#8221;<\/p><\/blockquote>\n","protected":false},"excerpt":{"rendered":"<p>Das Interview mit dem VR Pr\u00e4sidenten von Julius B\u00e4r, Raymond B\u00e4r von letzten Sonntag in der SonntagsZeitung ist wahrlich Balsam f\u00fcr die Wirtschafts-Seele. Endlich wieder einmal einer, der sich zu unseren Werten, unseren Regeln und unserer Identit\u00e4t bekennt: Bank(kunden)geheimnis: &#8220;Ich &hellip; <a href=\"https:\/\/unbequemefragen.ch\/?p=106\">Continue reading <span class=\"meta-nav\">&rarr;<\/span><\/a><\/p>\n","protected":false},"author":3,"featured_media":0,"comment_status":"open","ping_status":"open","sticky":false,"template":"","format":"standard","meta":{"_jetpack_memberships_contains_paid_content":false,"footnotes":""},"categories":[1],"tags":[],"class_list":["post-106","post","type-post","status-publish","format-standard","hentry","category-uncategorized"],"jetpack_featured_media_url":"","jetpack_sharing_enabled":true,"post_mailing_queue_ids":[],"_links":{"self":[{"href":"https:\/\/unbequemefragen.ch\/index.php?rest_route=\/wp\/v2\/posts\/106","targetHints":{"allow":["GET"]}}],"collection":[{"href":"https:\/\/unbequemefragen.ch\/index.php?rest_route=\/wp\/v2\/posts"}],"about":[{"href":"https:\/\/unbequemefragen.ch\/index.php?rest_route=\/wp\/v2\/types\/post"}],"author":[{"embeddable":true,"href":"https:\/\/unbequemefragen.ch\/index.php?rest_route=\/wp\/v2\/users\/3"}],"replies":[{"embeddable":true,"href":"https:\/\/unbequemefragen.ch\/index.php?rest_route=%2Fwp%2Fv2%2Fcomments&post=106"}],"version-history":[{"count":0,"href":"https:\/\/unbequemefragen.ch\/index.php?rest_route=\/wp\/v2\/posts\/106\/revisions"}],"wp:attachment":[{"href":"https:\/\/unbequemefragen.ch\/index.php?rest_route=%2Fwp%2Fv2%2Fmedia&parent=106"}],"wp:term":[{"taxonomy":"category","embeddable":true,"href":"https:\/\/unbequemefragen.ch\/index.php?rest_route=%2Fwp%2Fv2%2Fcategories&post=106"},{"taxonomy":"post_tag","embeddable":true,"href":"https:\/\/unbequemefragen.ch\/index.php?rest_route=%2Fwp%2Fv2%2Ftags&post=106"}],"curies":[{"name":"wp","href":"https:\/\/api.w.org\/{rel}","templated":true}]}}