{"id":1054,"date":"2013-04-01T11:23:33","date_gmt":"2013-04-01T10:23:33","guid":{"rendered":"http:\/\/unbequemefragen.ch\/?p=1054"},"modified":"2013-04-01T16:50:01","modified_gmt":"2013-04-01T15:50:01","slug":"april-april","status":"publish","type":"post","link":"https:\/\/unbequemefragen.ch\/?p=1054","title":{"rendered":"April, April!"},"content":{"rendered":"<p>Jedes Jahr jagen uns <a href=\"http:\/\/www.blick.ch\/news\/schweiz\/sind-sie-drauf-reingefallen-id2255965.html\" target=\"_blank\">Firmen und v.a. Medien<\/a> p\u00fcnktlich zum 1. April ins Bockshorn und lassen Leser und Zuschauer auf den Leim kriechen. Ach wie lustig! Heuer wird z.B. behauptet, dass <a href=\"http:\/\/www.20min.ch\/digital\/news\/story\/Seit-Mitternacht-ist-YouTube-Geschichte-29581353\" target=\"_blank\">YouTube keine Videos mehr annimmt<\/a>, die Videos von einer Jury bewerten l\u00e4sst und 2023 den Gewinner des &#8220;Best YouTube-Video&#8221; bestimmt:<\/p>\n<p><iframe loading=\"lazy\" src=\"http:\/\/www.youtube.com\/embed\/H542nLTTbu0\" height=\"315\" width=\"560\" allowfullscreen=\"\" frameborder=\"0\"><\/iframe><\/p>\n<p>Wirklich \u00fcberrascht hat mich jedoch die <a href=\"http:\/\/www.20min.ch\/digital\/news\/story\/Seit-Mitternacht-ist-YouTube-Geschichte-29581353\" target=\"_blank\">kurze Umfrage auf 20min.ch<\/a> zu eben diesem Beitrag:<!--more--><\/p>\n<p><img loading=\"lazy\" decoding=\"async\" class=\"aligncenter size-full wp-image-1055\" alt=\"20130401 YouTube\" src=\"https:\/\/unbequemefragen.ch\/wp-content\/uploads\/2013\/04\/20130401-YouTube.png\" width=\"228\" height=\"187\" \/><\/p>\n<p>Entweder diese 30% haben aus Jux so abgestimmt, oder wie muss ich mir das vorstellen, wenn so viele Leute selbst am 1. April auf einen so offensichtlichen Scherz hereinfallen? Das sind ja immerhin 5&#8217;128 User&#8230;!<\/p>\n<p>Am 1. April sollte man aufmerksam genug sein, um solche <a href=\"http:\/\/de.wikipedia.org\/wiki\/Zeitungsente\" target=\"_blank\">&#8220;Zeitungsenten&#8221;<\/a>\u00a0zu erkennen. Doch wie steht es um die anderen 364 Tage im Jahr?<\/p>\n<p>Wie h\u00e4ufig werden wir von Falschmeldungen, Propaganda und tendenzi\u00f6sen Berichten in eine Richtung gelenkt, ohne dass wir es bemerken? Wie viele der Meldungen sind wahr, wie viele sind inszeniert?<\/p>\n<p>Erst k\u00fcrzlich hat ein ehemaliger Journalist sich an einer Veranstaltung dazu ge\u00e4ussert und erkl\u00e4rt, dass er w\u00e4hrend des Irak-Kriegs an einem abgelegenen, inszenierten Umfeld \u00fcber den Krieg h\u00e4tte berichten m\u00fcssen. Man hat anschliessend noch etwas &#8220;Kriegsger\u00e4usch&#8221; hinzugef\u00fcgt, obschon weit und breit keine Kampfhandlungen stattfanden. Was die Journalisten von dort berichteten, entnahmen sie vorgefertigten Mitteilungen. Wahre Kriegsberichterstattung?<\/p>\n<p>Dabei w\u00e4re doch bekannt: Das erste Opfer eines jeden Krieges ist die Wahrheit.<\/p>\n<p>Ein selbstverantwortlicher B\u00fcrger (der Staat tut allerdings alles, um Verantwortung vom B\u00fcrger zu entziehen und ihn abh\u00e4ngig zu machen) muss heute jede (!) Nachricht auf die Goldwaage legen und sich \u00fcberlegen, ob er hier nicht wieder einem versp\u00e4teten oder verfr\u00fchten Aprilscherz erlegen ist.<\/p>\n<p>Dazu geh\u00f6rt auch, dass man die Quelle selbst einsch\u00e4tzt: Ist sie vertrauensw\u00fcrdig? Wie ist ihr &#8220;track record&#8221;? Wer bezieht sich auf sie? Woher bezieht sie die Informationen?<\/p>\n<p>Der 1. April findet an jedem Tag statt. Man sagt es uns nur nicht. Und wir glauben jede noch so abstruse Geschichte. Seien wir wachsam!<\/p>\n<p>Zu diesem Thema empfehle ich das Buch <a href=\"http:\/\/www.eikos.ch\/Bundeshaus.html\" target=\"_blank\">&#8220;Spin doctors im Bundeshaus&#8221;<\/a><\/p>\n","protected":false},"excerpt":{"rendered":"<p>Jedes Jahr jagen uns Firmen und v.a. Medien p\u00fcnktlich zum 1. April ins Bockshorn und lassen Leser und Zuschauer auf den Leim kriechen. Ach wie lustig! Heuer wird z.B. behauptet, dass YouTube keine Videos mehr annimmt, die Videos von einer &hellip; <a href=\"https:\/\/unbequemefragen.ch\/?p=1054\">Continue reading <span class=\"meta-nav\">&rarr;<\/span><\/a><\/p>\n","protected":false},"author":1,"featured_media":0,"comment_status":"open","ping_status":"open","sticky":false,"template":"","format":"standard","meta":{"_jetpack_memberships_contains_paid_content":false,"footnotes":""},"categories":[4,61,6],"tags":[30,32,48,141,137,75],"class_list":["post-1054","post","type-post","status-publish","format-standard","hentry","category-gesellschaft","category-medien","category-politik","tag-demokratie","tag-dummheiten","tag-journalisten","tag-medien","tag-politik","tag-presse"],"jetpack_featured_media_url":"","jetpack_sharing_enabled":true,"post_mailing_queue_ids":[],"_links":{"self":[{"href":"https:\/\/unbequemefragen.ch\/index.php?rest_route=\/wp\/v2\/posts\/1054","targetHints":{"allow":["GET"]}}],"collection":[{"href":"https:\/\/unbequemefragen.ch\/index.php?rest_route=\/wp\/v2\/posts"}],"about":[{"href":"https:\/\/unbequemefragen.ch\/index.php?rest_route=\/wp\/v2\/types\/post"}],"author":[{"embeddable":true,"href":"https:\/\/unbequemefragen.ch\/index.php?rest_route=\/wp\/v2\/users\/1"}],"replies":[{"embeddable":true,"href":"https:\/\/unbequemefragen.ch\/index.php?rest_route=%2Fwp%2Fv2%2Fcomments&post=1054"}],"version-history":[{"count":7,"href":"https:\/\/unbequemefragen.ch\/index.php?rest_route=\/wp\/v2\/posts\/1054\/revisions"}],"predecessor-version":[{"id":1057,"href":"https:\/\/unbequemefragen.ch\/index.php?rest_route=\/wp\/v2\/posts\/1054\/revisions\/1057"}],"wp:attachment":[{"href":"https:\/\/unbequemefragen.ch\/index.php?rest_route=%2Fwp%2Fv2%2Fmedia&parent=1054"}],"wp:term":[{"taxonomy":"category","embeddable":true,"href":"https:\/\/unbequemefragen.ch\/index.php?rest_route=%2Fwp%2Fv2%2Fcategories&post=1054"},{"taxonomy":"post_tag","embeddable":true,"href":"https:\/\/unbequemefragen.ch\/index.php?rest_route=%2Fwp%2Fv2%2Ftags&post=1054"}],"curies":[{"name":"wp","href":"https:\/\/api.w.org\/{rel}","templated":true}]}}