{"id":104,"date":"2008-08-20T09:03:31","date_gmt":"2008-08-20T07:03:31","guid":{"rendered":"http:\/\/mmexm.wordpress.com\/?p=104"},"modified":"2008-08-20T09:03:31","modified_gmt":"2008-08-20T07:03:31","slug":"politische-heimat","status":"publish","type":"post","link":"https:\/\/unbequemefragen.ch\/?p=104","title":{"rendered":"Politische Heimat"},"content":{"rendered":"<p>20min.ch hat in der letzten Woche ein Online-Umfrage gestartet und u.a. gefragt, ob BR Samuel Schmid zur\u00fccktreten soll. Das Resultat:<\/p>\n<div style=\"width: 517px\" class=\"wp-caption aligncenter\"><a href=\"http:\/\/www.20min.ch\/news\/schweiz\/story\/16396642\"><img loading=\"lazy\" decoding=\"async\" src=\"http:\/\/www.20min.ch\/grafik\/001-armee-svp.gif\" alt=\"Soll Samuel Schmid zur\u00fccktreten?\" width=\"507\" height=\"346\" \/><\/a><p class=\"wp-caption-text\">Soll Samuel Schmid zur\u00fccktreten?<\/p><\/div>\n<p>Entweder einige Personen sind politisch auf dem linken Auge blind oder sie f\u00fcrchten sich vor einem SVP-linientreuen Bundesrat, der Schmid folgen k\u00f6nnte. Hier wird klar, woher die Unterst\u00fctzung Schmids kommt. Nicht besonders &#8220;b\u00fcrgerlich&#8221;, wie es sich die BDP auf die Fahnen schreibt, oder?<\/p>\n","protected":false},"excerpt":{"rendered":"<p>20min.ch hat in der letzten Woche ein Online-Umfrage gestartet und u.a. gefragt, ob BR Samuel Schmid zur\u00fccktreten soll. Das Resultat: Entweder einige Personen sind politisch auf dem linken Auge blind oder sie f\u00fcrchten sich vor einem SVP-linientreuen Bundesrat, der Schmid &hellip; <a href=\"https:\/\/unbequemefragen.ch\/?p=104\">Continue reading <span class=\"meta-nav\">&rarr;<\/span><\/a><\/p>\n","protected":false},"author":3,"featured_media":0,"comment_status":"open","ping_status":"open","sticky":false,"template":"","format":"standard","meta":{"_jetpack_memberships_contains_paid_content":false,"footnotes":""},"categories":[6],"tags":[137,85,103],"class_list":["post-104","post","type-post","status-publish","format-standard","hentry","category-politik","tag-politik","tag-schweiz","tag-svp"],"jetpack_featured_media_url":"","jetpack_sharing_enabled":true,"post_mailing_queue_ids":[],"_links":{"self":[{"href":"https:\/\/unbequemefragen.ch\/index.php?rest_route=\/wp\/v2\/posts\/104","targetHints":{"allow":["GET"]}}],"collection":[{"href":"https:\/\/unbequemefragen.ch\/index.php?rest_route=\/wp\/v2\/posts"}],"about":[{"href":"https:\/\/unbequemefragen.ch\/index.php?rest_route=\/wp\/v2\/types\/post"}],"author":[{"embeddable":true,"href":"https:\/\/unbequemefragen.ch\/index.php?rest_route=\/wp\/v2\/users\/3"}],"replies":[{"embeddable":true,"href":"https:\/\/unbequemefragen.ch\/index.php?rest_route=%2Fwp%2Fv2%2Fcomments&post=104"}],"version-history":[{"count":0,"href":"https:\/\/unbequemefragen.ch\/index.php?rest_route=\/wp\/v2\/posts\/104\/revisions"}],"wp:attachment":[{"href":"https:\/\/unbequemefragen.ch\/index.php?rest_route=%2Fwp%2Fv2%2Fmedia&parent=104"}],"wp:term":[{"taxonomy":"category","embeddable":true,"href":"https:\/\/unbequemefragen.ch\/index.php?rest_route=%2Fwp%2Fv2%2Fcategories&post=104"},{"taxonomy":"post_tag","embeddable":true,"href":"https:\/\/unbequemefragen.ch\/index.php?rest_route=%2Fwp%2Fv2%2Ftags&post=104"}],"curies":[{"name":"wp","href":"https:\/\/api.w.org\/{rel}","templated":true}]}}